{"id":6618,"date":"2020-04-08T06:00:00","date_gmt":"2020-04-08T05:00:00","guid":{"rendered":"https:\/\/www.pfarregersthof.at\/komm\/?p=6618"},"modified":"2020-04-11T23:20:11","modified_gmt":"2020-04-11T22:20:11","slug":"pfarrer-norbert-meine-liebe-gemeinde-8-4","status":"publish","type":"post","link":"https:\/\/www.pfarregersthof.at\/komm\/2020\/04\/pfarrer-norbert-meine-liebe-gemeinde-8-4\/","title":{"rendered":"Pfarrer Norbert: &#8222;Meine&#8220; liebe Gemeinde (8.4.)"},"content":{"rendered":"\n<p>\u201eMeine\u201c liebe Gemeinde!<br>Das gro\u00dfe lila Tuch in unserer Pfarrkirche wird heuer nicht p\u00fcnktlich abgenommen.<\/p>\n<p>Der \u00f6sterliche Blumenschmuck ist ausgeblieben. Denn \u201eder lange Schatten des Karfreitags\u201c (Stefan Schumann, evangelischer Pfarrer AB, Hernals-W\u00e4hring) hat sich durchgesetzt.<\/p>\n<p>Der noch wartende Jubel des Ostermorgens wird sich aber durchsetzen! Die gro\u00dfe, p\u00fcnktlich und liebevoll angefertigte Osterkerze wird entz\u00fcndet werden, wenn wir als Gemeinde das Osterfest als &#8222;Auferstehungsfest der Gemeinde\u201c feiern werden.<\/p>\n<p>Der verstummte Halleluja-Gesang wird erklingen,<br>darauf freut sich mit dir \/ mit Ihnen<br><span style=\"color: #3366ff;\"><em>Pfarrer Norbert<\/em><\/span><\/p>\n<p>&nbsp;<\/p>\n","protected":false},"excerpt":{"rendered":"<p>\u201eMeine\u201c liebe Gemeinde!Das gro\u00dfe lila Tuch in unserer Pfarrkirche wird heuer nicht p\u00fcnktlich abgenommen. Der \u00f6sterliche Blumenschmuck ist ausgeblieben. Denn \u201eder lange Schatten des Karfreitags\u201c (Stefan Schumann, evangelischer Pfarrer AB, Hernals-W\u00e4hring) hat sich durchgesetzt. Der noch wartende Jubel des Ostermorgens wird sich aber durchsetzen! Die gro\u00dfe, p\u00fcnktlich und liebevoll angefertigte Osterkerze wird entz\u00fcndet werden, wenn [&hellip;]<\/p>\n","protected":false},"author":2,"featured_media":0,"comment_status":"open","ping_status":"open","sticky":false,"template":"","format":"standard","meta":{"ngg_post_thumbnail":0,"footnotes":""},"categories":[7],"tags":[],"class_list":{"0":"post-6618","1":"post","2":"type-post","3":"status-publish","4":"format-standard","6":"category-archiv"},"publishpress_future_action":{"enabled":false,"date":"2026-05-09 04:46:51","action":"category","newStatus":"draft","terms":[],"taxonomy":"category","extraData":[]},"publishpress_future_workflow_manual_trigger":{"enabledWorkflows":[]},"_links":{"self":[{"href":"https:\/\/www.pfarregersthof.at\/komm\/wp-json\/wp\/v2\/posts\/6618","targetHints":{"allow":["GET"]}}],"collection":[{"href":"https:\/\/www.pfarregersthof.at\/komm\/wp-json\/wp\/v2\/posts"}],"about":[{"href":"https:\/\/www.pfarregersthof.at\/komm\/wp-json\/wp\/v2\/types\/post"}],"author":[{"embeddable":true,"href":"https:\/\/www.pfarregersthof.at\/komm\/wp-json\/wp\/v2\/users\/2"}],"replies":[{"embeddable":true,"href":"https:\/\/www.pfarregersthof.at\/komm\/wp-json\/wp\/v2\/comments?post=6618"}],"version-history":[{"count":1,"href":"https:\/\/www.pfarregersthof.at\/komm\/wp-json\/wp\/v2\/posts\/6618\/revisions"}],"predecessor-version":[{"id":6619,"href":"https:\/\/www.pfarregersthof.at\/komm\/wp-json\/wp\/v2\/posts\/6618\/revisions\/6619"}],"wp:attachment":[{"href":"https:\/\/www.pfarregersthof.at\/komm\/wp-json\/wp\/v2\/media?parent=6618"}],"wp:term":[{"taxonomy":"category","embeddable":true,"href":"https:\/\/www.pfarregersthof.at\/komm\/wp-json\/wp\/v2\/categories?post=6618"},{"taxonomy":"post_tag","embeddable":true,"href":"https:\/\/www.pfarregersthof.at\/komm\/wp-json\/wp\/v2\/tags?post=6618"}],"curies":[{"name":"wp","href":"https:\/\/api.w.org\/{rel}","templated":true}]}}