{"id":6625,"date":"2020-04-06T16:54:02","date_gmt":"2020-04-06T15:54:02","guid":{"rendered":"https:\/\/www.pfarregersthof.at\/komm\/?p=6625"},"modified":"2021-01-09T15:40:25","modified_gmt":"2021-01-09T14:40:25","slug":"liebe-freunde-von-tagesfahrten","status":"publish","type":"post","link":"https:\/\/www.pfarregersthof.at\/komm\/2020\/04\/liebe-freunde-von-tagesfahrten\/","title":{"rendered":"Liebe Freunde von Tagesfahrten"},"content":{"rendered":"\n<p>Schweren Herzens m\u00fcssen wir entsprechend der derzeitigen Entwicklung der Coronavirus Krise die <strong>f\u00fcr 28.5.2020 geplante Tagesfahrt absagen.<\/strong><\/p>\n<p>Als Ersatztermin wird der 8.Oktober 2020,&nbsp;&nbsp;so ferne Normalit\u00e4t wieder eingekehrt ist, ins Auge gefasst. Anfang August wird die Fahrt nochmals evaluiert. Wir hoffen auf einen insgesamt positiven Ausgang der Krise. Bis dahin w\u00fcnschen wir Ihnen Gesundheit und ein m\u00f6glichst sorgenfreies \u00dcberstehen der Krise.<\/p>\n<p>Mit lieben Gr\u00fc\u00dfen,<br>die \u201eReisefinken\u201c und <span style=\"color: #3366ff;\"><em>Pfarrer Norbert<\/em><\/span><\/p>\n","protected":false},"excerpt":{"rendered":"<p>Schweren Herzens m\u00fcssen wir entsprechend der derzeitigen Entwicklung der Coronavirus Krise die f\u00fcr 28.5.2020 geplante Tagesfahrt absagen. Als Ersatztermin wird der 8.Oktober 2020,&nbsp;&nbsp;so ferne Normalit\u00e4t wieder eingekehrt ist, ins Auge gefasst. Anfang August wird die Fahrt nochmals evaluiert. Wir hoffen auf einen insgesamt positiven Ausgang der Krise. Bis dahin w\u00fcnschen wir Ihnen Gesundheit und ein [&hellip;]<\/p>\n","protected":false},"author":2,"featured_media":0,"comment_status":"open","ping_status":"open","sticky":false,"template":"","format":"standard","meta":{"ngg_post_thumbnail":0,"footnotes":""},"categories":[7],"tags":[],"class_list":{"0":"post-6625","1":"post","2":"type-post","3":"status-publish","4":"format-standard","6":"category-archiv"},"publishpress_future_action":{"enabled":false,"date":"2026-05-09 04:46:52","action":"category","newStatus":"draft","terms":[],"taxonomy":"category","extraData":[]},"publishpress_future_workflow_manual_trigger":{"enabledWorkflows":[]},"_links":{"self":[{"href":"https:\/\/www.pfarregersthof.at\/komm\/wp-json\/wp\/v2\/posts\/6625","targetHints":{"allow":["GET"]}}],"collection":[{"href":"https:\/\/www.pfarregersthof.at\/komm\/wp-json\/wp\/v2\/posts"}],"about":[{"href":"https:\/\/www.pfarregersthof.at\/komm\/wp-json\/wp\/v2\/types\/post"}],"author":[{"embeddable":true,"href":"https:\/\/www.pfarregersthof.at\/komm\/wp-json\/wp\/v2\/users\/2"}],"replies":[{"embeddable":true,"href":"https:\/\/www.pfarregersthof.at\/komm\/wp-json\/wp\/v2\/comments?post=6625"}],"version-history":[{"count":1,"href":"https:\/\/www.pfarregersthof.at\/komm\/wp-json\/wp\/v2\/posts\/6625\/revisions"}],"predecessor-version":[{"id":6626,"href":"https:\/\/www.pfarregersthof.at\/komm\/wp-json\/wp\/v2\/posts\/6625\/revisions\/6626"}],"wp:attachment":[{"href":"https:\/\/www.pfarregersthof.at\/komm\/wp-json\/wp\/v2\/media?parent=6625"}],"wp:term":[{"taxonomy":"category","embeddable":true,"href":"https:\/\/www.pfarregersthof.at\/komm\/wp-json\/wp\/v2\/categories?post=6625"},{"taxonomy":"post_tag","embeddable":true,"href":"https:\/\/www.pfarregersthof.at\/komm\/wp-json\/wp\/v2\/tags?post=6625"}],"curies":[{"name":"wp","href":"https:\/\/api.w.org\/{rel}","templated":true}]}}