{"id":6632,"date":"2020-04-07T16:03:37","date_gmt":"2020-04-07T15:03:37","guid":{"rendered":"https:\/\/www.pfarregersthof.at\/komm\/?p=6632"},"modified":"2020-06-17T08:09:22","modified_gmt":"2020-06-17T07:09:22","slug":"klingelbeutel-virtuell","status":"publish","type":"post","link":"https:\/\/www.pfarregersthof.at\/komm\/2020\/04\/klingelbeutel-virtuell\/","title":{"rendered":"Klingelbeutel &#8211; virtuell"},"content":{"rendered":"\n<p>Liebe Pfarrgemeinde!<\/p>\n<p>Durch den l\u00e4nger dauernden Entfall der Gottesdienste auf Grund der Corona-Pandemie &#8211; die Situation wird sich auch nach Ostern nicht schnell \u00e4ndern &#8211; entf\u00e4llt leider auch Ihr Beitrag zum Klingelbeutel und zur monatlichen Pfarrsammlung. &nbsp;Beide sind aber wesentliche Einnahmequellen f\u00fcr unsere Pfarre.&nbsp; Da viele Ausgaben (Betriebskosten, Stromrechnungen, Personalkosten usw.) weiterlaufen, tut sich hier eine gr\u00f6\u00dfer werdende Finanzl\u00fccke auf.&nbsp;<\/p>\n<p>Ich verbinde daher den von der Erzdi\u00f6zese verwendeten Satz \u201eBesondere Zeiten erfordern besondere L\u00f6sungen\u201c mit der&nbsp; <strong>Bitte an Sie, den Klingelbeutel \u201evirtuell\u201c zu f\u00fcllen<\/strong>, das hei\u00dft,&nbsp; beim \u201eHome-Banking\u201c oder allenfalls beim n\u00e4chsten Bankbesuch <strong>einen Beitrag mit dem Verwendungszweck \u201eKlingelbeutel\u201c auf unser Pfarrkonto<\/strong> bei der Erste Bank, IBAN <strong>AT94 2011 1000 0493 8100,<\/strong> <strong>zu \u00fcberweisen<\/strong>.&nbsp;&nbsp;<\/p>\n<p>Das w\u00fcrde uns sehr helfen.&nbsp; Vielen Dank und Frohe Ostern. <br><em>Helmut Janota<\/em>, Stellv. Vorsitzender des VVR-Gersthof \u2013 St. Leopold<\/p>\n<p>PS vom 17. April:<br>Vielen Dank an alle Spender f\u00fcr das bisher erfreuliche Ergebnis.<\/p>\n","protected":false},"excerpt":{"rendered":"<p>Liebe Pfarrgemeinde! Durch den l\u00e4nger dauernden Entfall der Gottesdienste auf Grund der Corona-Pandemie &#8211; die Situation wird sich auch nach Ostern nicht schnell \u00e4ndern &#8211; entf\u00e4llt leider auch Ihr Beitrag zum Klingelbeutel und zur monatlichen Pfarrsammlung. &nbsp;Beide sind aber wesentliche Einnahmequellen f\u00fcr unsere Pfarre.&nbsp; Da viele Ausgaben (Betriebskosten, Stromrechnungen, Personalkosten usw.) weiterlaufen, tut sich hier [&hellip;]<\/p>\n","protected":false},"author":2,"featured_media":0,"comment_status":"open","ping_status":"open","sticky":false,"template":"","format":"standard","meta":{"ngg_post_thumbnail":0,"footnotes":""},"categories":[7],"tags":[],"class_list":{"0":"post-6632","1":"post","2":"type-post","3":"status-publish","4":"format-standard","6":"category-archiv"},"publishpress_future_action":{"enabled":false,"date":"2026-05-09 04:46:36","action":"category","newStatus":"draft","terms":[],"taxonomy":"category","extraData":[]},"publishpress_future_workflow_manual_trigger":{"enabledWorkflows":[]},"_links":{"self":[{"href":"https:\/\/www.pfarregersthof.at\/komm\/wp-json\/wp\/v2\/posts\/6632","targetHints":{"allow":["GET"]}}],"collection":[{"href":"https:\/\/www.pfarregersthof.at\/komm\/wp-json\/wp\/v2\/posts"}],"about":[{"href":"https:\/\/www.pfarregersthof.at\/komm\/wp-json\/wp\/v2\/types\/post"}],"author":[{"embeddable":true,"href":"https:\/\/www.pfarregersthof.at\/komm\/wp-json\/wp\/v2\/users\/2"}],"replies":[{"embeddable":true,"href":"https:\/\/www.pfarregersthof.at\/komm\/wp-json\/wp\/v2\/comments?post=6632"}],"version-history":[{"count":2,"href":"https:\/\/www.pfarregersthof.at\/komm\/wp-json\/wp\/v2\/posts\/6632\/revisions"}],"predecessor-version":[{"id":6686,"href":"https:\/\/www.pfarregersthof.at\/komm\/wp-json\/wp\/v2\/posts\/6632\/revisions\/6686"}],"wp:attachment":[{"href":"https:\/\/www.pfarregersthof.at\/komm\/wp-json\/wp\/v2\/media?parent=6632"}],"wp:term":[{"taxonomy":"category","embeddable":true,"href":"https:\/\/www.pfarregersthof.at\/komm\/wp-json\/wp\/v2\/categories?post=6632"},{"taxonomy":"post_tag","embeddable":true,"href":"https:\/\/www.pfarregersthof.at\/komm\/wp-json\/wp\/v2\/tags?post=6632"}],"curies":[{"name":"wp","href":"https:\/\/api.w.org\/{rel}","templated":true}]}}