{"id":6679,"date":"2020-04-12T00:18:00","date_gmt":"2020-04-11T23:18:00","guid":{"rendered":"https:\/\/www.pfarregersthof.at\/komm\/?p=6679"},"modified":"2020-04-17T19:43:10","modified_gmt":"2020-04-17T18:43:10","slug":"pfarrer-norbert-meine-liebe-gemeinde-12-4","status":"publish","type":"post","link":"https:\/\/www.pfarregersthof.at\/komm\/2020\/04\/pfarrer-norbert-meine-liebe-gemeinde-12-4\/","title":{"rendered":"Pfarrer Norbert: &#8222;Meine&#8220; liebe Gemeinde (12.4.)"},"content":{"rendered":"\n<p>\u201eMeine\u201c liebe Gemeinde von Gersthof-St. Leopold!<\/p>\n<p><strong>Osterpredigt 2020<\/strong><\/p>\n<p><strong>\u2026 Ostern \u2026<\/strong><br><strong>Ich feiere Ostern<\/strong><br>Das ist eine Ich-Botschaft. Zu einer solchen raten Lebensberater und Fachkolleginnen stets. Denn in einem solchen Gedanken oder Wort sage ich mich pers\u00f6nlich aus. Ich \u201efeiere\u201c Ostern \u2013 dabei hilft mir der Handel: Ostereier, Osterschokohasen, Osternester, Osterschinken, Osterbock, \u2026 all das sind zumeist k\u00e4uflich erwerbbare Gel\u00fcste, die Osterfeiern gestalten helfen.<\/p>\n<p>Zu diesen \u00c4u\u00dferlichkeiten kommen f\u00fcr Christinnen und Christen unverzichtbare Verinnerlichungen: n\u00e4mlich die j\u00e4hrlich einmaligen kirchlichen Feiern:<br>Palmsonntag, die Kar-Tage, Osternacht und Osterfest mit Osterzeit.<\/p>\n<p><strong>Ich lebe Ostern<\/strong><br>Nach der 40-t\u00e4gigen Ostervorbereitungszeit folgt das Osterfest mit der Osterzeit,<br>die durch 50 Tage \u201enachhaltig\u201c kirchlich gefeiert wird. Das gesprochene oder gesungene Halleluja taucht nach \u201eVersickern\u201c seit Aschermittwoch wie eine Oase in der W\u00fcste des Alltags wieder auf. In unserer Gemeinde feiern wir freitags zu eigentlich un\u00fcblicher Zeit, um 6.00 Uhr am Morgen den Exsultate-Gottesdienst als Ausdruck der Osterfreude.<\/p>\n<p>All das zusammen verinnerlicht und mit der tiefen und hohen Freude des Getauft- als mit Jesus dem Auferstandenen Gleichseins, erm\u00f6glicht das bekennende Gest\u00e4ndnis als ZU-STAND:<br><strong>Ich bin Ostern<\/strong> (Erkenntnis des Jahres 2020)<\/p>\n<p>Euer <br><span style=\"color: #3366ff;\"><em>Pfarrer Norbert<\/em><\/span><\/p>\n","protected":false},"excerpt":{"rendered":"<p>\u201eMeine\u201c liebe Gemeinde von Gersthof-St. Leopold! Osterpredigt 2020 \u2026 Ostern \u2026Ich feiere OsternDas ist eine Ich-Botschaft. Zu einer solchen raten Lebensberater und Fachkolleginnen stets. Denn in einem solchen Gedanken oder Wort sage ich mich pers\u00f6nlich aus. Ich \u201efeiere\u201c Ostern \u2013 dabei hilft mir der Handel: Ostereier, Osterschokohasen, Osternester, Osterschinken, Osterbock, \u2026 all das sind zumeist [&hellip;]<\/p>\n","protected":false},"author":2,"featured_media":0,"comment_status":"open","ping_status":"open","sticky":false,"template":"","format":"standard","meta":{"ngg_post_thumbnail":0,"footnotes":""},"categories":[7],"tags":[],"class_list":{"0":"post-6679","1":"post","2":"type-post","3":"status-publish","4":"format-standard","6":"category-archiv"},"publishpress_future_action":{"enabled":false,"date":"2026-05-09 03:31:23","action":"category","newStatus":"draft","terms":[],"taxonomy":"category","extraData":[]},"publishpress_future_workflow_manual_trigger":{"enabledWorkflows":[]},"_links":{"self":[{"href":"https:\/\/www.pfarregersthof.at\/komm\/wp-json\/wp\/v2\/posts\/6679","targetHints":{"allow":["GET"]}}],"collection":[{"href":"https:\/\/www.pfarregersthof.at\/komm\/wp-json\/wp\/v2\/posts"}],"about":[{"href":"https:\/\/www.pfarregersthof.at\/komm\/wp-json\/wp\/v2\/types\/post"}],"author":[{"embeddable":true,"href":"https:\/\/www.pfarregersthof.at\/komm\/wp-json\/wp\/v2\/users\/2"}],"replies":[{"embeddable":true,"href":"https:\/\/www.pfarregersthof.at\/komm\/wp-json\/wp\/v2\/comments?post=6679"}],"version-history":[{"count":1,"href":"https:\/\/www.pfarregersthof.at\/komm\/wp-json\/wp\/v2\/posts\/6679\/revisions"}],"predecessor-version":[{"id":6680,"href":"https:\/\/www.pfarregersthof.at\/komm\/wp-json\/wp\/v2\/posts\/6679\/revisions\/6680"}],"wp:attachment":[{"href":"https:\/\/www.pfarregersthof.at\/komm\/wp-json\/wp\/v2\/media?parent=6679"}],"wp:term":[{"taxonomy":"category","embeddable":true,"href":"https:\/\/www.pfarregersthof.at\/komm\/wp-json\/wp\/v2\/categories?post=6679"},{"taxonomy":"post_tag","embeddable":true,"href":"https:\/\/www.pfarregersthof.at\/komm\/wp-json\/wp\/v2\/tags?post=6679"}],"curies":[{"name":"wp","href":"https:\/\/api.w.org\/{rel}","templated":true}]}}