{"id":6684,"date":"2020-04-17T19:36:52","date_gmt":"2020-04-17T18:36:52","guid":{"rendered":"https:\/\/www.pfarregersthof.at\/komm\/?p=6684"},"modified":"2020-04-17T19:36:54","modified_gmt":"2020-04-17T18:36:54","slug":"so-haben-wir-gefeiert","status":"publish","type":"post","link":"https:\/\/www.pfarregersthof.at\/komm\/2020\/04\/so-haben-wir-gefeiert\/","title":{"rendered":"So haben wir gefeiert \u2026"},"content":{"rendered":"\n<p>Ein unkonventionelles Ostererlebnis m\u00f6chte ich euch erz\u00e4hlen. In gek\u00fcrzter Form habe ich Teile der 35. \u00d6kumenischen Ostervesper mit dem Predigttext von Frau Pfarrerin Reka Juhasz versendet \u2013 es war auch auf unserer Homepage zu lesen. Die Reaktionen waren f\u00fcr mich sehr erfreulich. Auch der \u00d6kumenische Kreis V\u00f6sendorf hat aufgerufen, diese \u00d6kumenische Ostervesper mitzufeiern. Aufgrund meiner pers\u00f6nlichen R\u00fcckmeldungen haben ca 15 Personen \u2013 insgesamt sind es sicher mehr gewesen &#8211; in \u00f6kumenischer Verbundenheit mitgefeiert. Daf\u00fcr sage ich aus ganzem Herzen Danke.<\/p>\n<p>Wir feierten die 35. \u00f6kumenische Ostervesper mittels einer Telefonkonferenz-Schaltung mit f\u00fcnf Personen. Die Texte zum Lesen wurden aufgeteilt, Kerzen wurden angez\u00fcndet. Das Halleluja wurde immer wieder von uns allen gesungen. Der Predigttext wurde langsam und deutlich vorgelesen, Dank- und F\u00fcrbittgebete frei formuliert, das Vater Unser gemeinsam gesprochen, auch den Aaronitischen Segen sprachen wir gemeinsam und segneten einander virtuell \u2013 nochmals wurde das Halleluja gesungen und ich bedankte mich f\u00fcr das gemeinsame Feiern und w\u00fcnschte allen eine sch\u00f6ne \u00f6sterliche Agape. Es war ein ganz besonderes \u00f6sterliches Erlebnis, das ich so nie erwartet h\u00e4tte.<\/p>\n<p>In einer bis jetzt uns unbekannten Form des miteinander Singens und Betens merkten wir wie eine, wenn auch kleine, Gemeinschaft lebt und lebendig ist. Daf\u00fcr bin ich unendlich dankbar.<\/p>\n<p><span style=\"color: #3366ff;\"><em>Heinrich Bica<\/em><\/span><\/p>\n","protected":false},"excerpt":{"rendered":"<p>Ein unkonventionelles Ostererlebnis m\u00f6chte ich euch erz\u00e4hlen. In gek\u00fcrzter Form habe ich Teile der 35. \u00d6kumenischen Ostervesper mit dem Predigttext von Frau Pfarrerin Reka Juhasz versendet \u2013 es war auch auf unserer Homepage zu lesen. Die Reaktionen waren f\u00fcr mich sehr erfreulich. Auch der \u00d6kumenische Kreis V\u00f6sendorf hat aufgerufen, diese \u00d6kumenische Ostervesper mitzufeiern. Aufgrund meiner [&hellip;]<\/p>\n","protected":false},"author":2,"featured_media":0,"comment_status":"open","ping_status":"open","sticky":false,"template":"","format":"standard","meta":{"ngg_post_thumbnail":0,"footnotes":""},"categories":[5],"tags":[],"class_list":{"0":"post-6684","1":"post","2":"type-post","3":"status-publish","4":"format-standard","6":"category-was-gewesen-ist"},"publishpress_future_action":{"enabled":false,"date":"2026-05-09 04:58:01","action":"category","newStatus":"draft","terms":[],"taxonomy":"category","extraData":[]},"publishpress_future_workflow_manual_trigger":{"enabledWorkflows":[]},"_links":{"self":[{"href":"https:\/\/www.pfarregersthof.at\/komm\/wp-json\/wp\/v2\/posts\/6684","targetHints":{"allow":["GET"]}}],"collection":[{"href":"https:\/\/www.pfarregersthof.at\/komm\/wp-json\/wp\/v2\/posts"}],"about":[{"href":"https:\/\/www.pfarregersthof.at\/komm\/wp-json\/wp\/v2\/types\/post"}],"author":[{"embeddable":true,"href":"https:\/\/www.pfarregersthof.at\/komm\/wp-json\/wp\/v2\/users\/2"}],"replies":[{"embeddable":true,"href":"https:\/\/www.pfarregersthof.at\/komm\/wp-json\/wp\/v2\/comments?post=6684"}],"version-history":[{"count":1,"href":"https:\/\/www.pfarregersthof.at\/komm\/wp-json\/wp\/v2\/posts\/6684\/revisions"}],"predecessor-version":[{"id":6685,"href":"https:\/\/www.pfarregersthof.at\/komm\/wp-json\/wp\/v2\/posts\/6684\/revisions\/6685"}],"wp:attachment":[{"href":"https:\/\/www.pfarregersthof.at\/komm\/wp-json\/wp\/v2\/media?parent=6684"}],"wp:term":[{"taxonomy":"category","embeddable":true,"href":"https:\/\/www.pfarregersthof.at\/komm\/wp-json\/wp\/v2\/categories?post=6684"},{"taxonomy":"post_tag","embeddable":true,"href":"https:\/\/www.pfarregersthof.at\/komm\/wp-json\/wp\/v2\/tags?post=6684"}],"curies":[{"name":"wp","href":"https:\/\/api.w.org\/{rel}","templated":true}]}}