{"id":6687,"date":"2020-04-17T19:42:47","date_gmt":"2020-04-17T18:42:47","guid":{"rendered":"https:\/\/www.pfarregersthof.at\/komm\/?p=6687"},"modified":"2020-05-25T09:11:09","modified_gmt":"2020-05-25T08:11:09","slug":"60plus-bis-viel-spaeter-leider","status":"publish","type":"post","link":"https:\/\/www.pfarregersthof.at\/komm\/2020\/04\/60plus-bis-viel-spaeter-leider\/","title":{"rendered":"60plus: bis viel sp\u00e4ter, leider"},"content":{"rendered":"\n<p>Liebe Freunde von 60 plus und nat\u00fcrlich auch J\u00fcngere!<\/p>\n<p>Wegen der bestehenden Beschr\u00e4nkungen auf Grund der Coronavirus-Verordnung d\u00fcrfen bis Juli 2020 keine Veranstaltung stattfinden.<\/p>\n<p><strong>Daher m\u00fcssen wir leider alle geplanten Veranstaltungen absagen.<\/strong><\/p>\n<p>Nach der Absage von Ulrich Chmels Papiertheater , m\u00fcssen nun auch alle anderen bis zum Sommer geplanten Veranstaltungen abgesagt werden. Wir werden aber diese Veranstaltung und auch die jetzt anderen abgesagten Termine im Herbst nachholen. Die derzeitige Situation l\u00e4sst eine verbindliche Terminplanung noch nicht zu.<\/p>\n<p>Wir informieren Sie\/Euch , sobald wir die neuen Termine fixiert haben.<\/p>\n<p>Wir w\u00fcnschen Ihnen\/Euch, in dieser f\u00fcr uns alle au\u00dfergew\u00f6hnlichen Zeit, einen m\u00f6glichst angenehmen Fr\u00fchling und Sommer und w\u00fcrden uns sehr freuen, Sie\/Euch ab Herbst wieder bei einer unserer Veranstaltungen und Exkursionen begr\u00fc\u00dfen zu d\u00fcrfen.<\/p>\n<p>Daheim bleiben und gesund bleiben!<\/p>\n<p><span style=\"color: #3366ff;\"><em>Maria Kissich und das Caritasteam<\/em><\/span><\/p>\n","protected":false},"excerpt":{"rendered":"<p>Liebe Freunde von 60 plus und nat\u00fcrlich auch J\u00fcngere! Wegen der bestehenden Beschr\u00e4nkungen auf Grund der Coronavirus-Verordnung d\u00fcrfen bis Juli 2020 keine Veranstaltung stattfinden. Daher m\u00fcssen wir leider alle geplanten Veranstaltungen absagen. Nach der Absage von Ulrich Chmels Papiertheater , m\u00fcssen nun auch alle anderen bis zum Sommer geplanten Veranstaltungen abgesagt werden. Wir werden aber [&hellip;]<\/p>\n","protected":false},"author":2,"featured_media":0,"comment_status":"open","ping_status":"open","sticky":false,"template":"","format":"standard","meta":{"ngg_post_thumbnail":0,"footnotes":""},"categories":[7],"tags":[],"class_list":{"0":"post-6687","1":"post","2":"type-post","3":"status-publish","4":"format-standard","6":"category-archiv"},"publishpress_future_action":{"enabled":false,"date":"2026-05-09 03:32:34","action":"category","newStatus":"draft","terms":[],"taxonomy":"category","extraData":[]},"publishpress_future_workflow_manual_trigger":{"enabledWorkflows":[]},"_links":{"self":[{"href":"https:\/\/www.pfarregersthof.at\/komm\/wp-json\/wp\/v2\/posts\/6687","targetHints":{"allow":["GET"]}}],"collection":[{"href":"https:\/\/www.pfarregersthof.at\/komm\/wp-json\/wp\/v2\/posts"}],"about":[{"href":"https:\/\/www.pfarregersthof.at\/komm\/wp-json\/wp\/v2\/types\/post"}],"author":[{"embeddable":true,"href":"https:\/\/www.pfarregersthof.at\/komm\/wp-json\/wp\/v2\/users\/2"}],"replies":[{"embeddable":true,"href":"https:\/\/www.pfarregersthof.at\/komm\/wp-json\/wp\/v2\/comments?post=6687"}],"version-history":[{"count":1,"href":"https:\/\/www.pfarregersthof.at\/komm\/wp-json\/wp\/v2\/posts\/6687\/revisions"}],"predecessor-version":[{"id":6688,"href":"https:\/\/www.pfarregersthof.at\/komm\/wp-json\/wp\/v2\/posts\/6687\/revisions\/6688"}],"wp:attachment":[{"href":"https:\/\/www.pfarregersthof.at\/komm\/wp-json\/wp\/v2\/media?parent=6687"}],"wp:term":[{"taxonomy":"category","embeddable":true,"href":"https:\/\/www.pfarregersthof.at\/komm\/wp-json\/wp\/v2\/categories?post=6687"},{"taxonomy":"post_tag","embeddable":true,"href":"https:\/\/www.pfarregersthof.at\/komm\/wp-json\/wp\/v2\/tags?post=6687"}],"curies":[{"name":"wp","href":"https:\/\/api.w.org\/{rel}","templated":true}]}}