{"id":6708,"date":"2020-05-01T12:35:15","date_gmt":"2020-05-01T11:35:15","guid":{"rendered":"https:\/\/www.pfarregersthof.at\/komm\/?p=6708"},"modified":"2020-05-20T10:46:15","modified_gmt":"2020-05-20T09:46:15","slug":"wir-backen-ein-haende-brot","status":"publish","type":"post","link":"https:\/\/www.pfarregersthof.at\/komm\/2020\/05\/wir-backen-ein-haende-brot\/","title":{"rendered":"Wir backen ein \u201eH\u00e4nde-Brot\u201c"},"content":{"rendered":"\n<p>\u00c4hnlich wie \u201ehome-schooling\u201c heute ein Beitrag f\u00fcr \u201echurch-schooling\u201c. Ein Beitrag nicht nur f\u00fcr unsere Kommunionkinder und deren Familien:<\/p>\n<p><strong>Wir backen ein \u201eH\u00e4nde-Brot\u201c<\/strong><\/p>\n<p>Das ben\u00f6tigst du f\u00fcr 3 \u2013 4 kleine Hand-Brote:<\/p>\n<p><em>Backofen, Backblech mit Backpapier, Teigsch\u00fcssel, Back-Pinsel<br><\/em>250 g Mehl + Mehl f\u00fcr die Verarbeitung<br>250 g Topfen<br>1 Ei<br>1 P\u00e4ckchen Backpulver<br>1 Prise Salz (oder Zucker)<br>Etwas Naturjoghurt zum Bestreichen<\/p>\n<p><strong><em>Und so geht\u2019s<\/em><\/strong><\/p>\n<p>Den Teig in 3 \u2013 4 kleine Portionen aufteilen. Aus jeder eine Kugel formen, dann den Teig zu einem Fladen auseinanderziehen und einen Handabdruck hineindr\u00fccken. Den Handabdruck d\u00fcnn mit Joghurt bestreichen und auf das Blech mit dem Backpapier bei 200 Grad f\u00fcr ca. 10-15 min im Ofen backen.<\/p>\n<p>W\u00e4hrend der Wartezeit des Backens gemeinsam aufr\u00e4umen und den Tisch decken \u2013 nochmals \u00fcber den Weg des Brotes miteinander sprechen \u2013 \u201eVom Korn zum Brot\u201c.<\/p>\n<p>Vor dem gemeinsamen Essen sprechen wir gemeinsam ein Gebet:<br><em>Gib uns unser t\u00e4gliches Brot, hilf allen Menschen in der Not. <br>Lass uns, Herr, beim Trinken, <\/em><em>Essen deine G\u00fcte nicht vergessen. <br>Teil uns dein Gaben aus. Schenke Frieden jedem Haus.<br><\/em>Oder:<br><em>F\u00fcr dich und mich ist der Tisch nun gedeckt.<br><\/em><em>Hab Dank, lieber Gott, wenn es uns gleich schmeckt. AMEN.<\/em><\/p>\n","protected":false},"excerpt":{"rendered":"<p>\u00c4hnlich wie \u201ehome-schooling\u201c heute ein Beitrag f\u00fcr \u201echurch-schooling\u201c. Ein Beitrag nicht nur f\u00fcr unsere Kommunionkinder und deren Familien: Wir backen ein \u201eH\u00e4nde-Brot\u201c Das ben\u00f6tigst du f\u00fcr 3 \u2013 4 kleine Hand-Brote: Backofen, Backblech mit Backpapier, Teigsch\u00fcssel, Back-Pinsel250 g Mehl + Mehl f\u00fcr die Verarbeitung250 g Topfen1 Ei1 P\u00e4ckchen Backpulver1 Prise Salz (oder Zucker)Etwas Naturjoghurt zum [&hellip;]<\/p>\n","protected":false},"author":2,"featured_media":0,"comment_status":"open","ping_status":"open","sticky":false,"template":"","format":"standard","meta":{"ngg_post_thumbnail":0,"footnotes":""},"categories":[7],"tags":[],"class_list":{"0":"post-6708","1":"post","2":"type-post","3":"status-publish","4":"format-standard","6":"category-archiv"},"publishpress_future_action":{"enabled":false,"date":"2026-05-09 02:09:44","action":"category","newStatus":"draft","terms":[],"taxonomy":"category","extraData":[]},"publishpress_future_workflow_manual_trigger":{"enabledWorkflows":[]},"_links":{"self":[{"href":"https:\/\/www.pfarregersthof.at\/komm\/wp-json\/wp\/v2\/posts\/6708","targetHints":{"allow":["GET"]}}],"collection":[{"href":"https:\/\/www.pfarregersthof.at\/komm\/wp-json\/wp\/v2\/posts"}],"about":[{"href":"https:\/\/www.pfarregersthof.at\/komm\/wp-json\/wp\/v2\/types\/post"}],"author":[{"embeddable":true,"href":"https:\/\/www.pfarregersthof.at\/komm\/wp-json\/wp\/v2\/users\/2"}],"replies":[{"embeddable":true,"href":"https:\/\/www.pfarregersthof.at\/komm\/wp-json\/wp\/v2\/comments?post=6708"}],"version-history":[{"count":1,"href":"https:\/\/www.pfarregersthof.at\/komm\/wp-json\/wp\/v2\/posts\/6708\/revisions"}],"predecessor-version":[{"id":6709,"href":"https:\/\/www.pfarregersthof.at\/komm\/wp-json\/wp\/v2\/posts\/6708\/revisions\/6709"}],"wp:attachment":[{"href":"https:\/\/www.pfarregersthof.at\/komm\/wp-json\/wp\/v2\/media?parent=6708"}],"wp:term":[{"taxonomy":"category","embeddable":true,"href":"https:\/\/www.pfarregersthof.at\/komm\/wp-json\/wp\/v2\/categories?post=6708"},{"taxonomy":"post_tag","embeddable":true,"href":"https:\/\/www.pfarregersthof.at\/komm\/wp-json\/wp\/v2\/tags?post=6708"}],"curies":[{"name":"wp","href":"https:\/\/api.w.org\/{rel}","templated":true}]}}