{"id":6717,"date":"2020-05-01T13:10:56","date_gmt":"2020-05-01T12:10:56","guid":{"rendered":"https:\/\/www.pfarregersthof.at\/komm\/?p=6717"},"modified":"2020-05-08T10:52:48","modified_gmt":"2020-05-08T09:52:48","slug":"gottesdienst-regelung-ab-15-5-2020","status":"publish","type":"post","link":"https:\/\/www.pfarregersthof.at\/komm\/2020\/05\/gottesdienst-regelung-ab-15-5-2020\/","title":{"rendered":"Gottesdienst-Regelung ab 15.5.2020 (nicht mehr g\u00fcltig!)"},"content":{"rendered":"\n<p><span style=\"color: #800000;\">Achtung<\/span>: diese Regelung wurde am 8.5. durch <a href=\"\/komm\/2020\/05\/wie-wir-ab-15-5-miteinander-gottesdienste-feiern-koennen\/\">eine neue ersetzt<\/a>.<\/p>\n<hr>\n<p>Ab 15.5.2020 k\u00f6nnen nach einer Erleichterung des Verbotes von \u00f6ffentlichen Versammlungen durch die Bundesregierung wieder \u00f6ffentliche Gottesdienst gefeiert werden.<br>Die folgende Regelung, mit Stand vom 30. April 2020, h\u00e4lt die Details dazu f\u00fcr die Pfarre Gersthof-St.Leopold fest.<\/p>\n<p><strong>1. Aktive Gottesdienstst\u00e4tte<\/strong><\/p>\n<p>F\u00fcr die \u00f6ffentlichen Gottesdienste wird ausschlie\u00dflich der gro\u00dfe Raum der Pfarrkirche St. Leopold verwende. Die Oster- und die Jugendkapelle der Pfarrkirche, das Gemeindezentrum und die Johannes-Nepomuk-Kapelle bleiben geschlossen.<\/p>\n<p><strong>2. Als Sonntags-Gottesdienstzeiten sind vorgesehen<\/strong><\/p>\n<p>Die Gemeindemesse am Sonntag um 10 Uhr und Gemeindemesse am Sonntagabend um 18.30 Uhr werden als Familiengottesdienste gestaltet.<br>F\u00fcr diese Familiengottesdienste erbitten wir eine informative Mitteilung der geplanten Teilnahme an <a href=\"mailto:gerda.winner@pfarregersthof.at\">gerda.winner@pfarregersthof.at<\/a><\/p>\n<p>Die Gemeindemessen am Samstagabend um 18.30 Uhr und am Sonntagmorgen um 8.30 Uhr sind allgemein gestaltet, sie werden Menschen mit Virus-Risiko empfohlen.<\/p>\n<p><strong>3. Die Zahl der Mitfeiernden ist bei allen Gottesdiensten auf 60 Personen beschr\u00e4nkt!<\/strong><\/p>\n<p>Im Kirchenraum ist eine Sitzordnung vorgesehen die den notwendigen Abstand zwischen Personen von 2 Metern ber\u00fccksichtigt, ebenso eine Zugangskontrolle.<\/p>\n<p><strong>4. Nach jeder Feier werden Sitzpl\u00e4tze und sensible Zonen desinfiziert.<\/strong><\/p>\n<p><strong>5. Das Tragen eines Mund- und Nasenschutzes und die Beobachtung der Abstandsregel von 2 m in der Kirche sind f\u00fcr jede*jeden Mitfeiernde*n Pflicht.<\/strong><\/p>\n<p><strong>6. Die Feier des 10.00 Uhr Sonntags-Gottesdienstes am Vorplatz der Kirche wird bei gutem Wetter in Erw\u00e4gung gezogen.<\/strong><\/p>\n<p><strong>7. Die Ben\u00fctzung des \u201eGotteslob\u201c und anderen Behelfen unterbleibt. Als Gesangsvorlagen dienen speziell ausgedruckte Bl\u00e4tter mit Texten oder auf der Leinwand angezeigte Texte.<\/strong><\/p>\n<p><strong>8. Hingewiesen wird auf die notwendige Einhaltung der Eigenverantwortung.<\/strong><\/p>\n<p>Diese Regelung gilt bis auf Widerruf!<\/p>\n<p><span style=\"color: #3366ff;\"><em>Pfarrer Norbert und das Team der Liturgie (Erwin, Susanne, Gerda)<\/em><\/span><br><span style=\"color: #3366ff;\"><em>mit dem Stellvertr. Vorsitzenden des PGR, Bernhard<\/em><\/span><\/p>\n","protected":false},"excerpt":{"rendered":"<p>Achtung: diese Regelung wurde am 8.5. durch eine neue ersetzt. Ab 15.5.2020 k\u00f6nnen nach einer Erleichterung des Verbotes von \u00f6ffentlichen Versammlungen durch die Bundesregierung wieder \u00f6ffentliche Gottesdienst gefeiert werden.Die folgende Regelung, mit Stand vom 30. April 2020, h\u00e4lt die Details dazu f\u00fcr die Pfarre Gersthof-St.Leopold fest. 1. Aktive Gottesdienstst\u00e4tte F\u00fcr die \u00f6ffentlichen Gottesdienste wird ausschlie\u00dflich [&hellip;]<\/p>\n","protected":false},"author":2,"featured_media":0,"comment_status":"open","ping_status":"open","sticky":false,"template":"","format":"standard","meta":{"ngg_post_thumbnail":0,"footnotes":""},"categories":[7],"tags":[],"class_list":{"0":"post-6717","1":"post","2":"type-post","3":"status-publish","4":"format-standard","6":"category-archiv"},"publishpress_future_action":{"enabled":false,"date":"2026-05-09 02:03:27","action":"category","newStatus":"draft","terms":[],"taxonomy":"category","extraData":[]},"publishpress_future_workflow_manual_trigger":{"enabledWorkflows":[]},"_links":{"self":[{"href":"https:\/\/www.pfarregersthof.at\/komm\/wp-json\/wp\/v2\/posts\/6717","targetHints":{"allow":["GET"]}}],"collection":[{"href":"https:\/\/www.pfarregersthof.at\/komm\/wp-json\/wp\/v2\/posts"}],"about":[{"href":"https:\/\/www.pfarregersthof.at\/komm\/wp-json\/wp\/v2\/types\/post"}],"author":[{"embeddable":true,"href":"https:\/\/www.pfarregersthof.at\/komm\/wp-json\/wp\/v2\/users\/2"}],"replies":[{"embeddable":true,"href":"https:\/\/www.pfarregersthof.at\/komm\/wp-json\/wp\/v2\/comments?post=6717"}],"version-history":[{"count":10,"href":"https:\/\/www.pfarregersthof.at\/komm\/wp-json\/wp\/v2\/posts\/6717\/revisions"}],"predecessor-version":[{"id":6733,"href":"https:\/\/www.pfarregersthof.at\/komm\/wp-json\/wp\/v2\/posts\/6717\/revisions\/6733"}],"wp:attachment":[{"href":"https:\/\/www.pfarregersthof.at\/komm\/wp-json\/wp\/v2\/media?parent=6717"}],"wp:term":[{"taxonomy":"category","embeddable":true,"href":"https:\/\/www.pfarregersthof.at\/komm\/wp-json\/wp\/v2\/categories?post=6717"},{"taxonomy":"post_tag","embeddable":true,"href":"https:\/\/www.pfarregersthof.at\/komm\/wp-json\/wp\/v2\/tags?post=6717"}],"curies":[{"name":"wp","href":"https:\/\/api.w.org\/{rel}","templated":true}]}}