{"id":6729,"date":"2020-05-08T10:49:12","date_gmt":"2020-05-08T09:49:12","guid":{"rendered":"https:\/\/www.pfarregersthof.at\/komm\/?p=6729"},"modified":"2020-05-13T10:57:05","modified_gmt":"2020-05-13T09:57:05","slug":"wie-wir-ab-15-5-miteinander-gottesdienste-feiern-koennen","status":"publish","type":"post","link":"https:\/\/www.pfarregersthof.at\/komm\/2020\/05\/wie-wir-ab-15-5-miteinander-gottesdienste-feiern-koennen\/","title":{"rendered":"Wie wir ab 15.5. miteinander Gottesdienste feiern k\u00f6nnen"},"content":{"rendered":"\n<p><strong>Achtung: diese Mitteilung wurde am 13.5. durch eine aktuellere ersetzt.<\/strong><\/p>\n<p>Die \u00d6sterreichische Bischofskonferenz hat <a href=\"https:\/\/www.katholisch.at\/coronanews\/129826\/bischofskonferenz-erlaesst-detailregeln-fuer-gottesdienste-ab-15.-mai\" target=\"_blank\" rel=\"noopener noreferrer\">detaillierte Regeln<\/a> f\u00fcr die ab 15. Mai wieder m\u00f6gliche Feier von \u00f6ffentlichen Gottesdiensten in geschlossenen R\u00e4umen erlassen. Grunds\u00e4tzlich halten die Bisch\u00f6fe fest, dass es sich bei den vorliegenden Regeln um eine erste, sehr eingeschr\u00e4nkte Stufe f\u00fcr gottesdienstliche Feiern handelt; eine Anpassung werde gem\u00e4\u00df der weiteren Entwicklung der Pandemie erfolgen.<\/p>\n<p>Wir in der Pfarre Gersthof-St.Leopold werden bis auf weiteres an jedem <strong>Wochentag um 8:00<\/strong> (bis Pfingsten allerdings freitags bereits um 6:00 Uhr Exsultatemessen), am <strong>Samstag um 8:00 und 18:30<\/strong> und <strong>am Sonntag um 8:30, 10:00 und 18:30<\/strong> in der Pfarrkirche eucharistischen Gottesdienst feiern.<\/p>\n<p>Auf Grund der kircheninternen Vorgaben k\u00f6nnen derzeit maximal 60 Personen an einer dieser Feiern teilnehmen. Dabei ist zwischen den Feiernden, ausgenommen Personen aus dem gleichen Haushalt, ein Sicherheitsabstand von 2 Metern einzuhalten. Weiters ist ein Mund-Nasen-Schutz gegen eine Tr\u00f6pfcheninfektion verpflichtend zu tragen, au\u00dfer f\u00fcr Kinder bis zum vollendeten sechsten Lebensjahr. Wir werden auch Spender mit Desinfektionsmitteln bereitstellen. Dennoch bitten wir eigenverantwortlich zu handeln.<\/p>\n<p>Detaillierte Regeln f\u00fcr die Kontrolle des Eintritts in die Pfarrkirche, \u00fcber den Ablauf der Gottesdienste und f\u00fcr den Empfang der Kommunion, werden sobald wie m\u00f6glich mitgeteilt.<\/p>\n<p>Wir bitten um Geduld und Aufmerksamkeit!<\/p>\n","protected":false},"excerpt":{"rendered":"<p>Achtung: diese Mitteilung wurde am 13.5. durch eine aktuellere ersetzt. Die \u00d6sterreichische Bischofskonferenz hat detaillierte Regeln f\u00fcr die ab 15. Mai wieder m\u00f6gliche Feier von \u00f6ffentlichen Gottesdiensten in geschlossenen R\u00e4umen erlassen. Grunds\u00e4tzlich halten die Bisch\u00f6fe fest, dass es sich bei den vorliegenden Regeln um eine erste, sehr eingeschr\u00e4nkte Stufe f\u00fcr gottesdienstliche Feiern handelt; eine Anpassung [&hellip;]<\/p>\n","protected":false},"author":2,"featured_media":0,"comment_status":"open","ping_status":"open","sticky":false,"template":"","format":"standard","meta":{"ngg_post_thumbnail":0,"footnotes":""},"categories":[7],"tags":[],"class_list":{"0":"post-6729","1":"post","2":"type-post","3":"status-publish","4":"format-standard","6":"category-archiv"},"publishpress_future_action":{"enabled":false,"date":"2026-05-09 02:17:19","action":"category","newStatus":"draft","terms":[],"taxonomy":"category","extraData":[]},"publishpress_future_workflow_manual_trigger":{"enabledWorkflows":[]},"_links":{"self":[{"href":"https:\/\/www.pfarregersthof.at\/komm\/wp-json\/wp\/v2\/posts\/6729","targetHints":{"allow":["GET"]}}],"collection":[{"href":"https:\/\/www.pfarregersthof.at\/komm\/wp-json\/wp\/v2\/posts"}],"about":[{"href":"https:\/\/www.pfarregersthof.at\/komm\/wp-json\/wp\/v2\/types\/post"}],"author":[{"embeddable":true,"href":"https:\/\/www.pfarregersthof.at\/komm\/wp-json\/wp\/v2\/users\/2"}],"replies":[{"embeddable":true,"href":"https:\/\/www.pfarregersthof.at\/komm\/wp-json\/wp\/v2\/comments?post=6729"}],"version-history":[{"count":2,"href":"https:\/\/www.pfarregersthof.at\/komm\/wp-json\/wp\/v2\/posts\/6729\/revisions"}],"predecessor-version":[{"id":6739,"href":"https:\/\/www.pfarregersthof.at\/komm\/wp-json\/wp\/v2\/posts\/6729\/revisions\/6739"}],"wp:attachment":[{"href":"https:\/\/www.pfarregersthof.at\/komm\/wp-json\/wp\/v2\/media?parent=6729"}],"wp:term":[{"taxonomy":"category","embeddable":true,"href":"https:\/\/www.pfarregersthof.at\/komm\/wp-json\/wp\/v2\/categories?post=6729"},{"taxonomy":"post_tag","embeddable":true,"href":"https:\/\/www.pfarregersthof.at\/komm\/wp-json\/wp\/v2\/tags?post=6729"}],"curies":[{"name":"wp","href":"https:\/\/api.w.org\/{rel}","templated":true}]}}