{"id":6736,"date":"2020-05-29T14:55:00","date_gmt":"2020-05-29T13:55:00","guid":{"rendered":"https:\/\/www.pfarregersthof.at\/komm\/?p=6736"},"modified":"2020-06-27T08:51:01","modified_gmt":"2020-06-27T07:51:01","slug":"wie-wir-ab-15-5-miteinander-gottesdienste-feiern-koennen-im-detail","status":"publish","type":"post","link":"https:\/\/www.pfarregersthof.at\/komm\/2020\/05\/wie-wir-ab-15-5-miteinander-gottesdienste-feiern-koennen-im-detail\/","title":{"rendered":"Wie wir derzeit miteinander Gottesdienste feiern k\u00f6nnen &#8211; im Detail, ohne Anmeldung! (Stand 31.5.)"},"content":{"rendered":"\n<p>Am 15. Mai \u00f6ffneten sich die T\u00fcren der Pfarrkirche f\u00fcr \u00f6ffentliche Gottesdienste, die \u00d6sterreichische Bischofskonferenz hat dazu allgemeine&nbsp; und immer wieder aktualisierte <a href=\"https:\/\/www.bischofskonferenz.at\/dl\/lMsLJmoJKknNJqx4KJKJKJKLokKO\/Rahmenordnung_liturgische_Feiern_innerhalb_und_au_erhalb_des_Kirchenraums_ab_29_Mai_2020.pdf\" target=\"_blank\" rel=\"noopener noreferrer\">Regeln<\/a> erstellt, an die wir uns in Gersthof-St.Leopold halten und mit Details anreichern. Konkret k\u00f6nnen wir seit dem 15. Mai Gottesdienste so miteinander feiern &#8211; <span style=\"color: #008000;\">aktualisiert am 31. Mai<\/span>:<\/p>\n<p><strong>Die Gottesdienstordnung an Sonn- und Feiertagen<\/strong> (nur in der Pfarrkirche!)<br>&#8211; Samstag oder am Vorabend des Feiertags: 18:30 Uhr<br>&#8211; Sonntag oder Feiertag: 08:30 Uhr, 18:30 Uhr<br>&#8211; Sonntag oder Feiertag: 10:00 Uhr als Familiengottesdienst<br>&#8211; Sonntag 10 Uhr: bei Sch\u00f6nwetter Kinderkirche im Pfarrhausgarten. (Je Kind eine erwachsene Begleitperson, bitte p\u00fcnktlich kommen, Eingang wird geschlossen.)<\/p>\n<p><strong>Die Gottesdienstordnung an Wochentagen<\/strong> (nur in der Pfarrkirche!)<br>Montag, Dienstag: 08:00 Uhr<br>Mittwoch: 09:00 Uhr als Frauengottesdienst<br>Donnerstag: 08:00 Uhr<br>Freitag: 18:30 Uhr<\/p>\n<p><em>Die neue Rahmenordnung der Bischofskonferenz bringt weitere Erleichterungen bei katholischen Gottesdiensten und ersetzt die bisherigen Richtlinien. Neu ist, dass die 10-Quadratmeter-Regel pro Gottesdienstteilnehmer in geschlossenen R\u00e4umen nicht mehr zum Tragen kommt. F\u00fcr das Betreten und Verlassen von Kirchenr\u00e4umen sowie f\u00fcr das Bewegen innerhalb der Kirchenr\u00e4ume ist es Pflicht, Mund-Nasen-Schutz (Maske, Schal, Tuch) zu tragen (dies gilt nicht f\u00fcr Kinder bis zum vollendeten sechsten Lebensjahr). Die in den Gottesdiensten vorgesehenen Gelegenheiten, gemeinsam zu beten und zu singen, soll noch gering gehalten werden. Vorgeschrieben bleibt ein Abstand zu anderen Personen, mit denen nicht im gemeinsamen Haushalt gelebt wird, von mindestens 1 Meter. Bitte nehmen Sie Ihre Eigenverantwortung wahr <\/em><br><span style=\"color: #3366ff;\"><em>Erwin Schinner<\/em><\/span> f\u00fcr den PGR-Bereich Liturgie<\/p>\n<p><strong><span style=\"color: #800000;\">HINWEIS<\/span><\/strong>: Aufgrund des Wegfalls der &#8222;X Quadratmeter pro Mitfeiernde*n&#8220;-Regel ist <strong>keine Anmeldung f\u00fcr Gottesdienste mehr notwendig<\/strong>.<\/p>\n<p>Beachten Sie bitte nachfolgende <strong>Hinweise f\u00fcr die Mitfeier der Gottesdienste<\/strong><\/p>\n<ul>\n<li>Wenn Sie zu einer Risikogruppe geh\u00f6ren oder unsicher sind: bleiben Sie <span style=\"color: #000000;\">noch <\/span>zuhause. Der Erzbischof hat Menschen dieser Gruppe von der Sonntagspflicht bis auf Weiteres dispensiert. Es gibt viele gute Angebote, um einen Gottesdienst in den Medien mitzufeiern.<\/li>\n<li>Wer sich unwohl f\u00fchlt oder Symptome zeigt oder bei wem ein Verdacht auf Infektion besteht, <span style=\"color: #ff0000;\">muss<\/span> zuhause bleiben.<\/li>\n<li>Alle Mitfeiernden der Gottesdienste sind verpflichtet, beim Betreten und Verlassen der Kirche und bei Bewegungen im Kirchenraum Mund-Nasen-Schutz zu tragen, um sich und andere zu sch\u00fctzen.<\/li>\n<li>Die Weihwasserbecken bleiben geleert.<\/li>\n<li>An den Eing\u00e4ngen stehen Desinfektionsmittel zur Handdesinfektion bereit, die alle nutzen k\u00f6nnen.<\/li>\n<li>Bitte folgen Sie dem Ordnungsdienst, den unsere ehrenamtlichen Gemeindemitglieder aus\u00fcben. Sie wollen helfen, dass alles gut abl\u00e4uft und wir verantwortlich handeln.<\/li>\n<li>Es gilt \u2013 abgesehen vom Augenblick des Kommunionempfangs \u2013 ein Mindestabstand von 1 Meter nach allen Seiten, vor der Kirche und in der Kirche.&nbsp;<\/li>\n<li>Der Friedensgru\u00df erfolgt ohne K\u00f6rperkontakt.<\/li>\n<li>Der Vorsteher der Feier und alle an der Austeilung der Kommunion Beteiligten desinfizieren sich unmittelbar vor der Kommunionausteilung die H\u00e4nde. Die Gef\u00e4\u00dfe mit den konsekrierten Hostien f\u00fcr die Gl\u00e4ubigen sind bis dahin verschlossen auf dem Altar.<\/li>\n<li>Die Kommunionspendung geschieht m\u00f6glichst kontaktlos.<\/li>\n<li>Die Mundkommunion unterbleibt bis auf weiteres.&nbsp;<\/li>\n<li>Kinder, die vortreten, aber nicht kommunizieren, werden ohne Ber\u00fchrung gesegnet.<\/li>\n<li>Die K\u00f6rbe f\u00fcr die Kollekte werden nicht durch die Reihe gereicht, sondern sind auf den Tischen im hinteren Bereich der Kirche aufgestellt.<\/li>\n<\/ul>\n<h3>Wichtig!<\/h3>\n<ul>\n<li><strong>Gro\u00dfe kirchliche Gottesdienste und Feiern<\/strong> k\u00f6nnen leider derzeit nicht stattfinden.<\/li>\n<li><strong>Taufen<\/strong> und <strong>Hochzeiten<\/strong> sind im kleineren Kreis zu feiern<\/li>\n<li><strong>Beichte<\/strong> und <strong>Aussprache<\/strong> ist mit Mund-Nasen-Schutz und Sicherheitsabstand m\u00f6glich. Terminvereinbarung \u00fcber das <a href=\"\/komm\/pfarre-von-a-z\/information\/kontakt-aufnehmen\/#pfarrsek\">Sekretariat<\/a>.<\/li>\n<li>Die <strong>Krankenkommunion<\/strong> ist unter Einhaltung der Hygienevorschriften ebenfalls m\u00f6glich.<\/li>\n<\/ul>\n\n\n\n<figure class=\"wp-block-embed-youtube wp-block-embed is-type-video is-provider-youtube wp-embed-aspect-16-9 wp-has-aspect-ratio\"><div class=\"wp-block-embed__wrapper\">\n<iframe loading=\"lazy\" title=\"Botschaft von Pfarrer Norbert Rodt - 15. Mai 2020\" width=\"696\" height=\"392\" src=\"https:\/\/www.youtube.com\/embed\/6PhuOWdLy90?feature=oembed&#038;enablejsapi=1\" frameborder=\"0\" allow=\"accelerometer; autoplay; encrypted-media; gyroscope; picture-in-picture\" allowfullscreen><\/iframe>\n<\/div><\/figure>\n","protected":false},"excerpt":{"rendered":"<p>Am 15. Mai \u00f6ffneten sich die T\u00fcren der Pfarrkirche f\u00fcr \u00f6ffentliche Gottesdienste, die \u00d6sterreichische Bischofskonferenz hat dazu allgemeine&nbsp; und immer wieder aktualisierte Regeln erstellt, an die wir uns in Gersthof-St.Leopold halten und mit Details anreichern. Konkret k\u00f6nnen wir seit dem 15. Mai Gottesdienste so miteinander feiern &#8211; aktualisiert am 31. Mai: Die Gottesdienstordnung an Sonn- [&hellip;]<\/p>\n","protected":false},"author":2,"featured_media":6778,"comment_status":"open","ping_status":"open","sticky":false,"template":"","format":"standard","meta":{"ngg_post_thumbnail":0,"footnotes":""},"categories":[7],"tags":[],"class_list":{"0":"post-6736","1":"post","2":"type-post","3":"status-publish","4":"format-standard","5":"has-post-thumbnail","7":"category-archiv"},"publishpress_future_action":{"enabled":false,"date":"2026-05-08 05:37:12","action":"category","newStatus":"draft","terms":[],"taxonomy":"category","extraData":[]},"publishpress_future_workflow_manual_trigger":{"enabledWorkflows":[]},"_links":{"self":[{"href":"https:\/\/www.pfarregersthof.at\/komm\/wp-json\/wp\/v2\/posts\/6736","targetHints":{"allow":["GET"]}}],"collection":[{"href":"https:\/\/www.pfarregersthof.at\/komm\/wp-json\/wp\/v2\/posts"}],"about":[{"href":"https:\/\/www.pfarregersthof.at\/komm\/wp-json\/wp\/v2\/types\/post"}],"author":[{"embeddable":true,"href":"https:\/\/www.pfarregersthof.at\/komm\/wp-json\/wp\/v2\/users\/2"}],"replies":[{"embeddable":true,"href":"https:\/\/www.pfarregersthof.at\/komm\/wp-json\/wp\/v2\/comments?post=6736"}],"version-history":[{"count":19,"href":"https:\/\/www.pfarregersthof.at\/komm\/wp-json\/wp\/v2\/posts\/6736\/revisions"}],"predecessor-version":[{"id":6856,"href":"https:\/\/www.pfarregersthof.at\/komm\/wp-json\/wp\/v2\/posts\/6736\/revisions\/6856"}],"wp:featuredmedia":[{"embeddable":true,"href":"https:\/\/www.pfarregersthof.at\/komm\/wp-json\/wp\/v2\/media\/6778"}],"wp:attachment":[{"href":"https:\/\/www.pfarregersthof.at\/komm\/wp-json\/wp\/v2\/media?parent=6736"}],"wp:term":[{"taxonomy":"category","embeddable":true,"href":"https:\/\/www.pfarregersthof.at\/komm\/wp-json\/wp\/v2\/categories?post=6736"},{"taxonomy":"post_tag","embeddable":true,"href":"https:\/\/www.pfarregersthof.at\/komm\/wp-json\/wp\/v2\/tags?post=6736"}],"curies":[{"name":"wp","href":"https:\/\/api.w.org\/{rel}","templated":true}]}}