{"id":6795,"date":"2020-05-24T10:57:34","date_gmt":"2020-05-24T09:57:34","guid":{"rendered":"https:\/\/www.pfarregersthof.at\/komm\/?p=6795"},"modified":"2020-11-21T17:03:59","modified_gmt":"2020-11-21T16:03:59","slug":"pfarrer-norbert-rodts-deklaration-vom-23-mai-2020","status":"publish","type":"post","link":"https:\/\/www.pfarregersthof.at\/komm\/2020\/05\/pfarrer-norbert-rodts-deklaration-vom-23-mai-2020\/","title":{"rendered":"Pfarrer Norbert Rodts Deklaration vom 23. Mai 2020 (mit Anmerkung)"},"content":{"rendered":"\n<p><a href=\"https:\/\/www.pfarregersthof.at\/komm\/wp-content\/uploads\/2020\/05\/mwsat-20200524-_DSF7123.jpg\"><img loading=\"lazy\" decoding=\"async\" class=\"alignleft size-medium wp-image-6796\" src=\"https:\/\/www.pfarregersthof.at\/komm\/wp-content\/uploads\/2020\/05\/mwsat-20200524-_DSF7123-248x300.jpg\" alt=\"\" width=\"248\" height=\"300\" srcset=\"https:\/\/www.pfarregersthof.at\/komm\/wp-content\/uploads\/2020\/05\/mwsat-20200524-_DSF7123-248x300.jpg 248w, https:\/\/www.pfarregersthof.at\/komm\/wp-content\/uploads\/2020\/05\/mwsat-20200524-_DSF7123-662x800.jpg 662w, https:\/\/www.pfarregersthof.at\/komm\/wp-content\/uploads\/2020\/05\/mwsat-20200524-_DSF7123-124x150.jpg 124w, https:\/\/www.pfarregersthof.at\/komm\/wp-content\/uploads\/2020\/05\/mwsat-20200524-_DSF7123-768x929.jpg 768w, https:\/\/www.pfarregersthof.at\/komm\/wp-content\/uploads\/2020\/05\/mwsat-20200524-_DSF7123-696x841.jpg 696w, https:\/\/www.pfarregersthof.at\/komm\/wp-content\/uploads\/2020\/05\/mwsat-20200524-_DSF7123-347x420.jpg 347w, https:\/\/www.pfarregersthof.at\/komm\/wp-content\/uploads\/2020\/05\/mwsat-20200524-_DSF7123.jpg 1000w\" sizes=\"auto, (max-width: 248px) 100vw, 248px\" \/><\/a>In unserer Mitte spricht sich so manches herum und <a href=\"\/komm\/2020\/05\/schreiben-von-kardinal-schoenborn-an-die-pfarrgemeinde-gersthof\/\">wird auch kommentiert<\/a>. Was sich aber noch nicht herumsprechen konnte, ist folgendes:<\/p>\n<p>Als amtierender Pfarrer habe ich mit dem designierten Pfarrer, dem Lazaristenpater Arkadiusz, heute ein Gespr\u00e4ch gef\u00fchrt.<\/p>\n<p>Darin habe ich ihm br\u00fcderlich meine Loyalit\u00e4t zugesagt und \u00fcber seinen Wunsch auch meine Unterst\u00fctzung. Dabei haben wir vereinbart, dass es mir m\u00f6glich sein wird, ab dem neuen Arbeitsjahr (<em>September 2020, Anm.<\/em>) regelm\u00e4\u00dfig sonnt\u00e4glich einer Eucharistiefeier in der Gersthofer Pfarrkirche vorzustehen.<\/p>\n<p>Weiters haben wir uns geeinigt \u00fcber die Termine des Firmfestes und des Norbertikirtags im Herbst 2020. N\u00e4here Fragen wegen meiner derzeitigen Wohnung im Pfarrhaus und die \u00dcbersiedlung haben wir noch offen gelassen.<\/p>\n<p>Eindeutig ist der Zeitpunkt meines Amtsendes am 31. August 2020 und der \u00dcbernahme der Pfarre durch den Dechant (<em>Pater Arkadiusz Zakr\u0119ta, Anm.<\/em>) mit 1. September.<\/p>\n<p>Wie ich als Dechant am 9. April 2018 vom Amte losgelassen habe, so werde ich es auch als Pfarrer machen. Priesterlicher Seelsorger bleibe ich, ebenso wie mein Herz in Gersthof bleibt!<\/p>\n<p>Gersthof, am 23. Mai 2020.<\/p>\n<p><span style=\"color: #3366ff;\"><em>Pfarrer Norbert Rodt<\/em><\/span><\/p>\n<h3>Anmerkung vom 14. Juni 2020<\/h3>\n<p>Nach meiner 44-j\u00e4hrigen Amtszeit wurde zum Nachfolger als Gersthofer Pfarrer der Lazaristenpriester P. Dr. Arkadiusz Zakreta, CM \u201ezum Pfarrer ernannt anstelle von KR Msgr. Dr. Norbert Rodt, bisher Pfarrer, der mit 1. September in den dauernden Ruhestand tritt.\u201c (Eintragung im <a href=\"https:\/\/www.erzdioezese-wien.at\/pages\/inst\/14430893\/dioezesanblatt\" target=\"_blank\" rel=\"noopener noreferrer\">Wiener Di\u00f6zesanblatt<\/a>, Nr. 6, Juni 2020, S. 80).<br>Unser Herr Jesus Christus, Herr dieser seiner Gemeinde am Ort, begleite meinen Nachfolger und seine Ordensbr\u00fcder auf ihrem Weg in W\u00e4hring. <br><span style=\"color: #3366ff;\"><em>Pfr. Norbert<\/em><\/span><br>PS : Als Mensch und Priester bleibe ich erhalten.<\/p>\n<p><em>(Pfarrer Norbert hat gebeten, zu seiner Deklaration keine Kommentare auf dieser Website zu erm\u00f6glichen.)<\/em><\/p>\n<p>&nbsp;<\/p>\n<p>&nbsp;<\/p>\n<p>&nbsp;<\/p>\n","protected":false},"excerpt":{"rendered":"<p>In unserer Mitte spricht sich so manches herum und wird auch kommentiert. Was sich aber noch nicht herumsprechen konnte, ist folgendes: Als amtierender Pfarrer habe ich mit dem designierten Pfarrer, dem Lazaristenpater Arkadiusz, heute ein Gespr\u00e4ch gef\u00fchrt. Darin habe ich ihm br\u00fcderlich meine Loyalit\u00e4t zugesagt und \u00fcber seinen Wunsch auch meine Unterst\u00fctzung. Dabei haben wir [&hellip;]<\/p>\n","protected":false},"author":2,"featured_media":6798,"comment_status":"closed","ping_status":"closed","sticky":false,"template":"","format":"standard","meta":{"ngg_post_thumbnail":0,"footnotes":""},"categories":[7],"tags":[],"class_list":{"0":"post-6795","1":"post","2":"type-post","3":"status-publish","4":"format-standard","5":"has-post-thumbnail","7":"category-archiv"},"publishpress_future_action":{"enabled":false,"date":"2026-05-08 00:08:41","action":"category","newStatus":"draft","terms":[],"taxonomy":"category","extraData":[]},"publishpress_future_workflow_manual_trigger":{"enabledWorkflows":[]},"_links":{"self":[{"href":"https:\/\/www.pfarregersthof.at\/komm\/wp-json\/wp\/v2\/posts\/6795","targetHints":{"allow":["GET"]}}],"collection":[{"href":"https:\/\/www.pfarregersthof.at\/komm\/wp-json\/wp\/v2\/posts"}],"about":[{"href":"https:\/\/www.pfarregersthof.at\/komm\/wp-json\/wp\/v2\/types\/post"}],"author":[{"embeddable":true,"href":"https:\/\/www.pfarregersthof.at\/komm\/wp-json\/wp\/v2\/users\/2"}],"replies":[{"embeddable":true,"href":"https:\/\/www.pfarregersthof.at\/komm\/wp-json\/wp\/v2\/comments?post=6795"}],"version-history":[{"count":2,"href":"https:\/\/www.pfarregersthof.at\/komm\/wp-json\/wp\/v2\/posts\/6795\/revisions"}],"predecessor-version":[{"id":6867,"href":"https:\/\/www.pfarregersthof.at\/komm\/wp-json\/wp\/v2\/posts\/6795\/revisions\/6867"}],"wp:featuredmedia":[{"embeddable":true,"href":"https:\/\/www.pfarregersthof.at\/komm\/wp-json\/wp\/v2\/media\/6798"}],"wp:attachment":[{"href":"https:\/\/www.pfarregersthof.at\/komm\/wp-json\/wp\/v2\/media?parent=6795"}],"wp:term":[{"taxonomy":"category","embeddable":true,"href":"https:\/\/www.pfarregersthof.at\/komm\/wp-json\/wp\/v2\/categories?post=6795"},{"taxonomy":"post_tag","embeddable":true,"href":"https:\/\/www.pfarregersthof.at\/komm\/wp-json\/wp\/v2\/tags?post=6795"}],"curies":[{"name":"wp","href":"https:\/\/api.w.org\/{rel}","templated":true}]}}