{"id":6802,"date":"2020-05-25T08:58:06","date_gmt":"2020-05-25T07:58:06","guid":{"rendered":"https:\/\/www.pfarregersthof.at\/komm\/?p=6802"},"modified":"2020-06-09T11:04:32","modified_gmt":"2020-06-09T10:04:32","slug":"schreiben-gegen-die-einsamkeit-firmkandidatinnen-machen-mit","status":"publish","type":"post","link":"https:\/\/www.pfarregersthof.at\/komm\/2020\/05\/schreiben-gegen-die-einsamkeit-firmkandidatinnen-machen-mit\/","title":{"rendered":"&#8222;Schreiben gegen die Einsamkeit&#8220; &#8211; Firmkandidat*innen machen mit"},"content":{"rendered":"\n<h2>Schreiben gegen die Einsamkeit &#8211; Alltagshelden und -heldinnen in der Coronakrise<\/h2>\n<p>Der Lock-down und die Einschr\u00e4nkungen des Alltags aufgrund von Corona haben uns alle getroffen. So kamen auch die Firmvorbereitung in Gersthof zum Stillstand und bald war es klar, dass die Firmung nicht im Mai wie geplant stattfinden wird. Dennoch war und ist es wichtig, in Kontakt zu bleiben. Und so hat es sich ergeben, dass eine Gruppe Jugendlicher auf dem Weg zur Firmung von der gro\u00dfartigen Idee <a href=\"https:\/\/wien.youngcaritas.at\/aktionen\/briefaktion\/schreiben-gegen-einsamkeit\" target=\"_blank\" rel=\"noopener noreferrer\">&#8222;Schreiben gegen die Einsamkeit&#8220; der YoungCaritas<\/a> erfahren hat und sofort bereit war, bei der Briefaktion mitzumachen. Auch sie wollten sich f\u00fcr die \u00e4lteren Menschen einsetzen, die coronabedingt ganz stark unter dem Besuchsverbot in den Pflegewohnh\u00e4usern und unter Einsamkeit litten.<\/p>\n<p>Gemeinsam mit dem Caritashaus St. Barbara im 23. Bezirk und unserer Lotsengruppe wurden schnell 7 Brieffreundschaftspaare gefunden. Jede Woche wurden Briefe und auch Zeichnungen von Johannes, Clara, Mathilda, Sophie, Nora, Johanna und auch von mir verfasst und ins Haus geschickt. Dort wurden sie von der Zust\u00e4ndigen, Frau Kuk, ausgedruckt und vorgelesen. Wie wir heute erfahren haben, war dies immer das Highlight der Woche und die betagten Bewohnerinnen haben jede Woche ungeduldig darauf gewartet.<\/p>\n<p>Mittlerweile ist von beiden Seiten der starke Wunsch entstanden, dass man sich auch pers\u00f6nlich sehen m\u00f6chte. Dieser Nachmittag r\u00fcckt nun in greifbarer N\u00e4he und wird bereits geplant. Dann treffen die Brieffreundpaare das erste Mal aufeinander und die Jugendlichen k\u00f6nnen ihre Anna, Maria, Edith, Adele und Elfriede pers\u00f6nlich kennenlernen.<\/p>\n<p>Die Aktion &#8222;Schreiben gegen die Einsamkeit&#8220; war und ist ein voller Erfolg. In ganz Wien schreiben rund 600 Jugendliche und \u00fcber 4.000 Briefe wurde schon verschickt. So ein tolle Geschichte macht auch vor dem ORF nicht halt und wir bekamen die einzigartige Gelegenheit, diese Aktion stellvertretend f\u00fcr alle anderen schreibenden Jugendlichen, vor die Linse zu bringen. Protagonistin wurde Johanna.<\/p>\n<p><a href=\"https:\/\/www.pfarregersthof.at\/komm\/wp-content\/uploads\/2020\/05\/20200520_164510.jpg\"><img loading=\"lazy\" decoding=\"async\" class=\"alignleft size-medium wp-image-6804\" src=\"https:\/\/www.pfarregersthof.at\/komm\/wp-content\/uploads\/2020\/05\/20200520_164510-300x211.jpg\" alt=\"\" width=\"300\" height=\"211\" srcset=\"https:\/\/www.pfarregersthof.at\/komm\/wp-content\/uploads\/2020\/05\/20200520_164510-300x211.jpg 300w, https:\/\/www.pfarregersthof.at\/komm\/wp-content\/uploads\/2020\/05\/20200520_164510-800x563.jpg 800w, https:\/\/www.pfarregersthof.at\/komm\/wp-content\/uploads\/2020\/05\/20200520_164510-150x106.jpg 150w, https:\/\/www.pfarregersthof.at\/komm\/wp-content\/uploads\/2020\/05\/20200520_164510-768x540.jpg 768w, https:\/\/www.pfarregersthof.at\/komm\/wp-content\/uploads\/2020\/05\/20200520_164510-1536x1081.jpg 1536w, https:\/\/www.pfarregersthof.at\/komm\/wp-content\/uploads\/2020\/05\/20200520_164510-100x70.jpg 100w, https:\/\/www.pfarregersthof.at\/komm\/wp-content\/uploads\/2020\/05\/20200520_164510-696x490.jpg 696w, https:\/\/www.pfarregersthof.at\/komm\/wp-content\/uploads\/2020\/05\/20200520_164510-1068x751.jpg 1068w, https:\/\/www.pfarregersthof.at\/komm\/wp-content\/uploads\/2020\/05\/20200520_164510-597x420.jpg 597w, https:\/\/www.pfarregersthof.at\/komm\/wp-content\/uploads\/2020\/05\/20200520_164510.jpg 1920w\" sizes=\"auto, (max-width: 300px) 100vw, 300px\" \/><\/a>Gedreht wurde zuerst im privaten Umfeld und dann im Pflegeheim. Das ORF-Team wollte die erste Begegnung der beiden Brieffreunde einfangen und die Geschichte dahinter erz\u00e4hlen, wie ein 15-j\u00e4hriges M\u00e4dchen dazu kommt, eine Brieffreundschaft mit einer um 75 Jahren \u00e4lteren Person zu beginnen.<\/p>\n<p>Es war ein spannender Drehtag und auch 2 M\u00e4dls aus der Lotsengruppe waren zur Unterst\u00fctzung da. Aufregend war es auch, das Kamerateam und die Reporterinnen bei der Arbeit zu erleben und zu sehen, wieviel Zeit und Einsatz f\u00fcr ca. 3-5 Minuten Sendezeit ben\u00f6tigt werden. In jedem Fall ein tolles Erlebnis und ein tolle Aktion!<\/p>\n<p><strong><span style=\"color: #008000;\">Der Bericht wird am Dienstag, 2. Juni, im ORF 2 in der Sendung Studio 2 ausgestrahlt, die um 17:30 Uhr beginnt.<\/span><\/strong><\/p>\n<p>Mit lieben Gr\u00fc\u00dfen<\/p>\n<p><span style=\"color: #3366ff;\"><em>Maria Sch\u00f6nhofer-Holler<\/em><\/span> im Namen meiner engagierten Lotsengruppe<\/p>\n<p>&nbsp;<\/p>\n\n\n\n<figure class=\"wp-block-image size-large\"><img loading=\"lazy\" decoding=\"async\" width=\"800\" height=\"644\" src=\"https:\/\/www.pfarregersthof.at\/komm\/wp-content\/uploads\/2020\/05\/20200520_165604-800x644.jpg\" alt=\"\" class=\"wp-image-6803\" srcset=\"https:\/\/www.pfarregersthof.at\/komm\/wp-content\/uploads\/2020\/05\/20200520_165604-800x644.jpg 800w, https:\/\/www.pfarregersthof.at\/komm\/wp-content\/uploads\/2020\/05\/20200520_165604-300x241.jpg 300w, https:\/\/www.pfarregersthof.at\/komm\/wp-content\/uploads\/2020\/05\/20200520_165604-150x121.jpg 150w, https:\/\/www.pfarregersthof.at\/komm\/wp-content\/uploads\/2020\/05\/20200520_165604-768x618.jpg 768w, https:\/\/www.pfarregersthof.at\/komm\/wp-content\/uploads\/2020\/05\/20200520_165604-1536x1236.jpg 1536w, https:\/\/www.pfarregersthof.at\/komm\/wp-content\/uploads\/2020\/05\/20200520_165604-696x560.jpg 696w, https:\/\/www.pfarregersthof.at\/komm\/wp-content\/uploads\/2020\/05\/20200520_165604-1068x859.jpg 1068w, https:\/\/www.pfarregersthof.at\/komm\/wp-content\/uploads\/2020\/05\/20200520_165604-522x420.jpg 522w, https:\/\/www.pfarregersthof.at\/komm\/wp-content\/uploads\/2020\/05\/20200520_165604.jpg 1920w\" sizes=\"auto, (max-width: 800px) 100vw, 800px\" \/><\/figure>\n\n\n\n<p><sub>Fotos: Maria Sch\u00f6nhofer-Holler und Elisabeth Kuk&nbsp;<\/sub><\/p>\n","protected":false},"excerpt":{"rendered":"<p>Schreiben gegen die Einsamkeit &#8211; Alltagshelden und -heldinnen in der Coronakrise Der Lock-down und die Einschr\u00e4nkungen des Alltags aufgrund von Corona haben uns alle getroffen. So kamen auch die Firmvorbereitung in Gersthof zum Stillstand und bald war es klar, dass die Firmung nicht im Mai wie geplant stattfinden wird. Dennoch war und ist es wichtig, [&hellip;]<\/p>\n","protected":false},"author":2,"featured_media":0,"comment_status":"open","ping_status":"open","sticky":false,"template":"","format":"standard","meta":{"ngg_post_thumbnail":0,"footnotes":""},"categories":[5],"tags":[],"class_list":{"0":"post-6802","1":"post","2":"type-post","3":"status-publish","4":"format-standard","6":"category-was-gewesen-ist"},"publishpress_future_action":{"enabled":false,"date":"2026-05-08 01:40:06","action":"category","newStatus":"draft","terms":[],"taxonomy":"category","extraData":[]},"publishpress_future_workflow_manual_trigger":{"enabledWorkflows":[]},"_links":{"self":[{"href":"https:\/\/www.pfarregersthof.at\/komm\/wp-json\/wp\/v2\/posts\/6802","targetHints":{"allow":["GET"]}}],"collection":[{"href":"https:\/\/www.pfarregersthof.at\/komm\/wp-json\/wp\/v2\/posts"}],"about":[{"href":"https:\/\/www.pfarregersthof.at\/komm\/wp-json\/wp\/v2\/types\/post"}],"author":[{"embeddable":true,"href":"https:\/\/www.pfarregersthof.at\/komm\/wp-json\/wp\/v2\/users\/2"}],"replies":[{"embeddable":true,"href":"https:\/\/www.pfarregersthof.at\/komm\/wp-json\/wp\/v2\/comments?post=6802"}],"version-history":[{"count":4,"href":"https:\/\/www.pfarregersthof.at\/komm\/wp-json\/wp\/v2\/posts\/6802\/revisions"}],"predecessor-version":[{"id":6817,"href":"https:\/\/www.pfarregersthof.at\/komm\/wp-json\/wp\/v2\/posts\/6802\/revisions\/6817"}],"wp:attachment":[{"href":"https:\/\/www.pfarregersthof.at\/komm\/wp-json\/wp\/v2\/media?parent=6802"}],"wp:term":[{"taxonomy":"category","embeddable":true,"href":"https:\/\/www.pfarregersthof.at\/komm\/wp-json\/wp\/v2\/categories?post=6802"},{"taxonomy":"post_tag","embeddable":true,"href":"https:\/\/www.pfarregersthof.at\/komm\/wp-json\/wp\/v2\/tags?post=6802"}],"curies":[{"name":"wp","href":"https:\/\/api.w.org\/{rel}","templated":true}]}}