{"id":6828,"date":"2020-05-29T19:20:30","date_gmt":"2020-05-29T18:20:30","guid":{"rendered":"https:\/\/www.pfarregersthof.at\/komm\/?p=6828"},"modified":"2021-01-09T15:38:47","modified_gmt":"2021-01-09T14:38:47","slug":"pfingst-hirtenwort-zur-corona-krise","status":"publish","type":"post","link":"https:\/\/www.pfarregersthof.at\/komm\/2020\/05\/pfingst-hirtenwort-zur-corona-krise\/","title":{"rendered":"Pfingst-Hirtenwort zur Corona-Krise"},"content":{"rendered":"\n<p><a href=\"https:\/\/www.pfarregersthof.at\/komm\/wp-content\/uploads\/2020\/05\/Hirtenwort_geistvoll-erneuerte-normalitaet-1.png\"><img loading=\"lazy\" decoding=\"async\" class=\"alignright size-medium wp-image-6831\" src=\"https:\/\/www.pfarregersthof.at\/komm\/wp-content\/uploads\/2020\/05\/Hirtenwort_geistvoll-erneuerte-normalitaet-1-219x300.png\" alt=\"\" width=\"219\" height=\"300\" srcset=\"https:\/\/www.pfarregersthof.at\/komm\/wp-content\/uploads\/2020\/05\/Hirtenwort_geistvoll-erneuerte-normalitaet-1-219x300.png 219w, https:\/\/www.pfarregersthof.at\/komm\/wp-content\/uploads\/2020\/05\/Hirtenwort_geistvoll-erneuerte-normalitaet-1-109x150.png 109w, https:\/\/www.pfarregersthof.at\/komm\/wp-content\/uploads\/2020\/05\/Hirtenwort_geistvoll-erneuerte-normalitaet-1-306x420.png 306w, https:\/\/www.pfarregersthof.at\/komm\/wp-content\/uploads\/2020\/05\/Hirtenwort_geistvoll-erneuerte-normalitaet-1.png 499w\" sizes=\"auto, (max-width: 219px) 100vw, 219px\" \/><\/a>Die \u00f6sterreichischen Bisch\u00f6fe setzen sich in einem Hirtenwort zum Pfingstfest mit den durch die Coronakrise ausgel\u00f6sten Sorgen um die Gesundheit, aber auch mit den Einschr\u00e4nkungen der Freiheitsrechte der Einzelnen auseinander.&nbsp; Mit &#8222;F\u00fcr eine geistvoll erneuerte Normalit\u00e4t&#8220; haben sie den Text \u00fcberschrieben und sprechen in sieben Abschnitten an, wie die Gaben des Heiligen Geistes in unserer heutigen Welt und in dieser Situation positiv wirken k\u00f6nnen. Dabei rufen sie auch dazu auf, die Krisensituation als Beginn von Reformen in Gesellschaft, Politik und auch der Kirche wahrzunehmen.<\/p>\n<p>Eine umfassende Einf\u00fchrung in den Hirtenbrief ist <a href=\"https:\/\/www.katholisch.at\/aktuelles\/130172\/corona-bischoefe-in-pfingst-hirtenwort-fuer-geistvoll-erneuerte-normalitaet\">auf katholisch.at nachzulesen<\/a>, dort kann man auch den vollst\u00e4ndigen, 20-seitigen Text herunterladen.<\/p>\n<p>Der Text schlie\u00dft mit dieser Aussage:<br><em>Unsere Stellungnahme will ein konstruktiver<\/em><br><em>und einladender Gespr\u00e4chsbeitrag sein, keine Lehrmeinung und keine<\/em><br><em>abschlie\u00dfende Deutung der benannten Themen. Bereiten wir in unserer<\/em><br><em>Gesellschaft und in unserer Kirche viele Lern-, Denk- und auch Gebetsorte<\/em><br><em>vor, wo diese geistvolle Normalit\u00e4t jetzt schon gelebt wird.<\/em><\/p>\n","protected":false},"excerpt":{"rendered":"<p>Die \u00f6sterreichischen Bisch\u00f6fe setzen sich in einem Hirtenwort zum Pfingstfest mit den durch die Coronakrise ausgel\u00f6sten Sorgen um die Gesundheit, aber auch mit den Einschr\u00e4nkungen der Freiheitsrechte der Einzelnen auseinander.&nbsp; Mit &#8222;F\u00fcr eine geistvoll erneuerte Normalit\u00e4t&#8220; haben sie den Text \u00fcberschrieben und sprechen in sieben Abschnitten an, wie die Gaben des Heiligen Geistes in unserer [&hellip;]<\/p>\n","protected":false},"author":2,"featured_media":0,"comment_status":"open","ping_status":"open","sticky":false,"template":"","format":"standard","meta":{"ngg_post_thumbnail":0,"footnotes":""},"categories":[7],"tags":[],"class_list":{"0":"post-6828","1":"post","2":"type-post","3":"status-publish","4":"format-standard","6":"category-archiv"},"publishpress_future_action":{"enabled":false,"date":"2026-05-08 08:29:31","action":"category","newStatus":"draft","terms":[],"taxonomy":"category","extraData":[]},"publishpress_future_workflow_manual_trigger":{"enabledWorkflows":[]},"_links":{"self":[{"href":"https:\/\/www.pfarregersthof.at\/komm\/wp-json\/wp\/v2\/posts\/6828","targetHints":{"allow":["GET"]}}],"collection":[{"href":"https:\/\/www.pfarregersthof.at\/komm\/wp-json\/wp\/v2\/posts"}],"about":[{"href":"https:\/\/www.pfarregersthof.at\/komm\/wp-json\/wp\/v2\/types\/post"}],"author":[{"embeddable":true,"href":"https:\/\/www.pfarregersthof.at\/komm\/wp-json\/wp\/v2\/users\/2"}],"replies":[{"embeddable":true,"href":"https:\/\/www.pfarregersthof.at\/komm\/wp-json\/wp\/v2\/comments?post=6828"}],"version-history":[{"count":3,"href":"https:\/\/www.pfarregersthof.at\/komm\/wp-json\/wp\/v2\/posts\/6828\/revisions"}],"predecessor-version":[{"id":6832,"href":"https:\/\/www.pfarregersthof.at\/komm\/wp-json\/wp\/v2\/posts\/6828\/revisions\/6832"}],"wp:attachment":[{"href":"https:\/\/www.pfarregersthof.at\/komm\/wp-json\/wp\/v2\/media?parent=6828"}],"wp:term":[{"taxonomy":"category","embeddable":true,"href":"https:\/\/www.pfarregersthof.at\/komm\/wp-json\/wp\/v2\/categories?post=6828"},{"taxonomy":"post_tag","embeddable":true,"href":"https:\/\/www.pfarregersthof.at\/komm\/wp-json\/wp\/v2\/tags?post=6828"}],"curies":[{"name":"wp","href":"https:\/\/api.w.org\/{rel}","templated":true}]}}