{"id":6852,"date":"2020-05-31T17:02:12","date_gmt":"2020-05-31T16:02:12","guid":{"rendered":"https:\/\/www.pfarregersthof.at\/komm\/?p=6852"},"modified":"2020-08-28T21:05:30","modified_gmt":"2020-08-28T20:05:30","slug":"kommunionfeste-im-juni-juli","status":"publish","type":"post","link":"https:\/\/www.pfarregersthof.at\/komm\/2020\/05\/kommunionfeste-im-juni-juli\/","title":{"rendered":"Kommunionfeste im Juni\/Juli"},"content":{"rendered":"\n<p>Unsere 66 Kommunionkinder werden ihre Feste &#8211; dank der guten Entwicklungen und erlaubten M\u00f6glichkeiten &#8211; bereits Ende Juni, Anfang Juli feiern! Die beiden Vorbereitungsnachmittage finden an den Freitagen 5. &amp; 19. Juni statt.<\/p>\n<p>Damit die Kinder auch mit ihren Familien feiern k\u00f6nnten, werden die Feste in Kleingruppen gefeiert. F\u00fcr n\u00e4here Ausk\u00fcnfte stehe ich gerne zur Verf\u00fcgung: <a href=\"mailto:gerda.winner@pfarregersthof.at\">gerda.winner@pfarregersthof.at<\/a>.<\/p>\n","protected":false},"excerpt":{"rendered":"<p>Unsere 66 Kommunionkinder werden ihre Feste &#8211; dank der guten Entwicklungen und erlaubten M\u00f6glichkeiten &#8211; bereits Ende Juni, Anfang Juli feiern! Die beiden Vorbereitungsnachmittage finden an den Freitagen 5. &amp; 19. Juni statt. Damit die Kinder auch mit ihren Familien feiern k\u00f6nnten, werden die Feste in Kleingruppen gefeiert. F\u00fcr n\u00e4here Ausk\u00fcnfte stehe ich gerne zur [&hellip;]<\/p>\n","protected":false},"author":2,"featured_media":0,"comment_status":"open","ping_status":"open","sticky":false,"template":"","format":"standard","meta":{"ngg_post_thumbnail":0,"footnotes":""},"categories":[7],"tags":[],"class_list":{"0":"post-6852","1":"post","2":"type-post","3":"status-publish","4":"format-standard","6":"category-archiv"},"publishpress_future_action":{"enabled":false,"date":"2026-05-08 11:28:02","action":"category","newStatus":"draft","terms":[],"taxonomy":"category","extraData":[]},"publishpress_future_workflow_manual_trigger":{"enabledWorkflows":[]},"_links":{"self":[{"href":"https:\/\/www.pfarregersthof.at\/komm\/wp-json\/wp\/v2\/posts\/6852","targetHints":{"allow":["GET"]}}],"collection":[{"href":"https:\/\/www.pfarregersthof.at\/komm\/wp-json\/wp\/v2\/posts"}],"about":[{"href":"https:\/\/www.pfarregersthof.at\/komm\/wp-json\/wp\/v2\/types\/post"}],"author":[{"embeddable":true,"href":"https:\/\/www.pfarregersthof.at\/komm\/wp-json\/wp\/v2\/users\/2"}],"replies":[{"embeddable":true,"href":"https:\/\/www.pfarregersthof.at\/komm\/wp-json\/wp\/v2\/comments?post=6852"}],"version-history":[{"count":1,"href":"https:\/\/www.pfarregersthof.at\/komm\/wp-json\/wp\/v2\/posts\/6852\/revisions"}],"predecessor-version":[{"id":6853,"href":"https:\/\/www.pfarregersthof.at\/komm\/wp-json\/wp\/v2\/posts\/6852\/revisions\/6853"}],"wp:attachment":[{"href":"https:\/\/www.pfarregersthof.at\/komm\/wp-json\/wp\/v2\/media?parent=6852"}],"wp:term":[{"taxonomy":"category","embeddable":true,"href":"https:\/\/www.pfarregersthof.at\/komm\/wp-json\/wp\/v2\/categories?post=6852"},{"taxonomy":"post_tag","embeddable":true,"href":"https:\/\/www.pfarregersthof.at\/komm\/wp-json\/wp\/v2\/tags?post=6852"}],"curies":[{"name":"wp","href":"https:\/\/api.w.org\/{rel}","templated":true}]}}