{"id":6860,"date":"2020-06-09T11:05:00","date_gmt":"2020-06-09T10:05:00","guid":{"rendered":"https:\/\/www.pfarregersthof.at\/komm\/?p=6860"},"modified":"2020-06-17T08:11:22","modified_gmt":"2020-06-17T07:11:22","slug":"oekumenischer-bibelabend-15-6","status":"publish","type":"post","link":"https:\/\/www.pfarregersthof.at\/komm\/2020\/06\/oekumenischer-bibelabend-15-6\/","title":{"rendered":"\u00d6kumenischer Bibelabend (15.6.)"},"content":{"rendered":"\n<p>Der letzte \u00f6kumenische Bibelabend am 18.5.2020 wurde von 15 \u201emaskierten\u201c Personen besucht \u2013 ein erfreuliches Zeichen nach der langen Zwangspause.<\/p>\n<p>Der n\u00e4chste \u00d6kumenische Bibelabend findet am <strong>Montag, 15. 6. 2020, um 19.30 Uhr<\/strong> unter Ber\u00fccksichtigung der Vorgaben zum gegenseitigen Schutz (Maske, 1 m Abstand, keine Agape) in der <strong>evangelischen Kapelle (1180 Severin Schreiber Gasse 3)<\/strong> statt.<\/p>\n<p>Thema sind die <a href=\"https:\/\/www.erzabtei-beuron.de\/schott\/schott_anz\/index.html?datum=2020-06-21\" target=\"_blank\" rel=\"noopener noreferrer\">katholischen<\/a> und <a href=\"https:\/\/www.kirchenjahr-evangelisch.de\/article.php#879\" target=\"_blank\" rel=\"noopener noreferrer\">evangelischen<\/a> Lesungen aus der Bibel des kommenden Sonntags, 21.6.2020.<\/p>\n<p>Weitere geplante Termine sind 5.10.2020, 9.11.2020, 7.12.2020 und 11.2.2021. Thema sind immer die Lesungen des kommenden Sonntags.<\/p>\n<p>Wir freuen uns auf Ihre Teilnahme<br><span style=\"color: #3366ff;\"><em>Manfred Golda Pfr.i.R., Traudl und Richard Braun<\/em><\/span><\/p>\n","protected":false},"excerpt":{"rendered":"<p>Der letzte \u00f6kumenische Bibelabend am 18.5.2020 wurde von 15 \u201emaskierten\u201c Personen besucht \u2013 ein erfreuliches Zeichen nach der langen Zwangspause. Der n\u00e4chste \u00d6kumenische Bibelabend findet am Montag, 15. 6. 2020, um 19.30 Uhr unter Ber\u00fccksichtigung der Vorgaben zum gegenseitigen Schutz (Maske, 1 m Abstand, keine Agape) in der evangelischen Kapelle (1180 Severin Schreiber Gasse 3) [&hellip;]<\/p>\n","protected":false},"author":2,"featured_media":0,"comment_status":"open","ping_status":"open","sticky":false,"template":"","format":"standard","meta":{"ngg_post_thumbnail":0,"footnotes":""},"categories":[7],"tags":[],"class_list":{"0":"post-6860","1":"post","2":"type-post","3":"status-publish","4":"format-standard","6":"category-archiv"},"publishpress_future_action":{"enabled":false,"date":"2026-05-08 13:02:29","action":"category","newStatus":"draft","terms":[],"taxonomy":"category","extraData":[]},"publishpress_future_workflow_manual_trigger":{"enabledWorkflows":[]},"_links":{"self":[{"href":"https:\/\/www.pfarregersthof.at\/komm\/wp-json\/wp\/v2\/posts\/6860","targetHints":{"allow":["GET"]}}],"collection":[{"href":"https:\/\/www.pfarregersthof.at\/komm\/wp-json\/wp\/v2\/posts"}],"about":[{"href":"https:\/\/www.pfarregersthof.at\/komm\/wp-json\/wp\/v2\/types\/post"}],"author":[{"embeddable":true,"href":"https:\/\/www.pfarregersthof.at\/komm\/wp-json\/wp\/v2\/users\/2"}],"replies":[{"embeddable":true,"href":"https:\/\/www.pfarregersthof.at\/komm\/wp-json\/wp\/v2\/comments?post=6860"}],"version-history":[{"count":1,"href":"https:\/\/www.pfarregersthof.at\/komm\/wp-json\/wp\/v2\/posts\/6860\/revisions"}],"predecessor-version":[{"id":6861,"href":"https:\/\/www.pfarregersthof.at\/komm\/wp-json\/wp\/v2\/posts\/6860\/revisions\/6861"}],"wp:attachment":[{"href":"https:\/\/www.pfarregersthof.at\/komm\/wp-json\/wp\/v2\/media?parent=6860"}],"wp:term":[{"taxonomy":"category","embeddable":true,"href":"https:\/\/www.pfarregersthof.at\/komm\/wp-json\/wp\/v2\/categories?post=6860"},{"taxonomy":"post_tag","embeddable":true,"href":"https:\/\/www.pfarregersthof.at\/komm\/wp-json\/wp\/v2\/tags?post=6860"}],"curies":[{"name":"wp","href":"https:\/\/api.w.org\/{rel}","templated":true}]}}