{"id":6868,"date":"2020-06-17T08:24:10","date_gmt":"2020-06-17T07:24:10","guid":{"rendered":"https:\/\/www.pfarregersthof.at\/komm\/?p=6868"},"modified":"2020-06-27T09:38:18","modified_gmt":"2020-06-27T08:38:18","slug":"klingelbeutel-virtuell-patenkinder-von-kaplan-suresh","status":"publish","type":"post","link":"https:\/\/www.pfarregersthof.at\/komm\/2020\/06\/klingelbeutel-virtuell-patenkinder-von-kaplan-suresh\/","title":{"rendered":"Klingelbeutel virtuell &#8211; Patenkinder von Kaplan Suresh"},"content":{"rendered":"\n<p>Liebe Pfarrgemeinde, <br>herzlichen Dank f\u00fcr die gro\u00dfe Spendenbereitschaft zur Unterst\u00fctzung unserer Pfarre. Der virtuelle Klingelbeutel war ein voller Erfolg und hat w\u00e4hrend der Zeit, in der keine Messen stattfinden konnten, mit \u00fcber \u20ac5.500,- ein Ergebnis erbracht, das, gemessen an der Zahl der Sonn- und Feiertage, in etwa dem des realen Klingelbeutels in diesem Zeitraum entspricht. Da jetzt Messen wieder stattfinden k\u00f6nnen, <strong>wollen wir den virtuellen Klingelbeutel beenden<\/strong>.<\/p>\n<p>Selbstverst\u00e4ndlich sind Sie aber auch in Zukunft eingeladen &#8222;virtuell&#8220; zu spenden, wann immer Sie wollen. <br>Eine Gelegenheit dazu ist die Verabschiedung unseres <strong>Kaplan Suresh<\/strong>, der Gersthof auf Anordnung der Erzdi\u00f6zese in Richtung Pfarre Mauer verlassen wird. <strong>Wir m\u00f6chten ihm f\u00fcr seine Dienste ein herzliches Dankesch\u00f6n sagen und auch f\u00fcr seine Patenkinder in Indien mitgeben. <\/strong><\/p>\n<p>Wenn Sie dazu beitragen wollen, denken Sie bitte beim n\u00e4chsten Bankbesuch oder beim \u201eHome-Banking\u201c daran. Zahlen Sie Ihren Beitrag dazu ein oder \u00fcberweisen Sie<br>diesen auf das Pfarrkonto bei Erste Bank ( Pfarre Gersthof IBAN AT94 2011 1000 0493 8100 ) mit dem Verwendungszweck \u201ePatenkinder Suresh\u201c.<\/p>\n<p>Nochmals ein gro\u00dfes Dankesch\u00f6n und \u201eVergelt\u2019s Gott.\u201c<br><span style=\"color: #3366ff;\"><em>Helmut Janota<\/em><\/span>, Stellv. Vorsitzender des Verm\u00f6gensverwaltungsrates (VVR) Gersthof &#8211; St. Leopold<\/p>\n","protected":false},"excerpt":{"rendered":"<p>Liebe Pfarrgemeinde, herzlichen Dank f\u00fcr die gro\u00dfe Spendenbereitschaft zur Unterst\u00fctzung unserer Pfarre. Der virtuelle Klingelbeutel war ein voller Erfolg und hat w\u00e4hrend der Zeit, in der keine Messen stattfinden konnten, mit \u00fcber \u20ac5.500,- ein Ergebnis erbracht, das, gemessen an der Zahl der Sonn- und Feiertage, in etwa dem des realen Klingelbeutels in diesem Zeitraum entspricht. [&hellip;]<\/p>\n","protected":false},"author":2,"featured_media":0,"comment_status":"closed","ping_status":"closed","sticky":false,"template":"","format":"standard","meta":{"ngg_post_thumbnail":0,"footnotes":""},"categories":[7],"tags":[],"class_list":{"0":"post-6868","1":"post","2":"type-post","3":"status-publish","4":"format-standard","6":"category-archiv"},"publishpress_future_action":{"enabled":false,"date":"2026-05-08 15:50:23","action":"category","newStatus":"draft","terms":[],"taxonomy":"category","extraData":[]},"publishpress_future_workflow_manual_trigger":{"enabledWorkflows":[]},"_links":{"self":[{"href":"https:\/\/www.pfarregersthof.at\/komm\/wp-json\/wp\/v2\/posts\/6868","targetHints":{"allow":["GET"]}}],"collection":[{"href":"https:\/\/www.pfarregersthof.at\/komm\/wp-json\/wp\/v2\/posts"}],"about":[{"href":"https:\/\/www.pfarregersthof.at\/komm\/wp-json\/wp\/v2\/types\/post"}],"author":[{"embeddable":true,"href":"https:\/\/www.pfarregersthof.at\/komm\/wp-json\/wp\/v2\/users\/2"}],"replies":[{"embeddable":true,"href":"https:\/\/www.pfarregersthof.at\/komm\/wp-json\/wp\/v2\/comments?post=6868"}],"version-history":[{"count":1,"href":"https:\/\/www.pfarregersthof.at\/komm\/wp-json\/wp\/v2\/posts\/6868\/revisions"}],"predecessor-version":[{"id":6869,"href":"https:\/\/www.pfarregersthof.at\/komm\/wp-json\/wp\/v2\/posts\/6868\/revisions\/6869"}],"wp:attachment":[{"href":"https:\/\/www.pfarregersthof.at\/komm\/wp-json\/wp\/v2\/media?parent=6868"}],"wp:term":[{"taxonomy":"category","embeddable":true,"href":"https:\/\/www.pfarregersthof.at\/komm\/wp-json\/wp\/v2\/categories?post=6868"},{"taxonomy":"post_tag","embeddable":true,"href":"https:\/\/www.pfarregersthof.at\/komm\/wp-json\/wp\/v2\/tags?post=6868"}],"curies":[{"name":"wp","href":"https:\/\/api.w.org\/{rel}","templated":true}]}}