{"id":6872,"date":"2020-06-17T08:33:13","date_gmt":"2020-06-17T07:33:13","guid":{"rendered":"https:\/\/www.pfarregersthof.at\/komm\/?p=6872"},"modified":"2020-09-19T12:05:44","modified_gmt":"2020-09-19T11:05:44","slug":"pgr-diskussionen-in-respektvollem-miteinander","status":"publish","type":"post","link":"https:\/\/www.pfarregersthof.at\/komm\/2020\/06\/pgr-diskussionen-in-respektvollem-miteinander\/","title":{"rendered":"PGR: Diskussionen &#8222;in respektvollem Miteinander&#8220;"},"content":{"rendered":"\n<p>In seiner j\u00fcngsten Sitzung am 9. Juni 2020 hat sich der <a href=\"\/komm\/pgr-2\/\">Pfarrgemeinderat<\/a> auch mit den Diskussionen rund um die Pensionierung von Pfarrer Norbert und die Bestellung von Pater Arkadiusz als dessen Nachfolger auseinandergesetzt. Vor diesem Hintergrund hat er diese Stellungnahme abgegeben:<\/p>\n<p><em>Der Pfarrgemeinderat der Pfarre Gersthof-St. Leopold (PGR) hat mit Best\u00fcrzung festgestellt, dass die Diskussion von einzelnen Mitgliedern der Pfarre auf unserer Website und anderen digitalen und sozialen Medien \u00fcber die Entscheidung des Erzbischofs von Wien betreffend die Bestellung eines neuen Pfarrers f\u00fcr unsere Pfarre mit Worten kommentiert wurde, die zum Geiste christlicher N\u00e4chstenliebe und gemeinschaftlichen Miteinanders in unserer Pfarre in Widerspruch stehen.<\/em><\/p>\n<p><em>Der PGR distanziert sich von derartigen \u00c4u\u00dferungen und betont, dass er bem\u00fcht ist, f\u00fcr ein gedeihliches Miteinander in der Pfarre als Teil der katholischen Kirche in W\u00e4hring und Wien einzutreten.<\/em><br><em>Als unmittelbare Konsequenz hat der Pfarrgemeinderat beschlossen, die Kommentarfunktion auf unserer Website bis auf Weiteres stillzulegen. Wir w\u00fcnschen uns eine angeregte Diskussion vielf\u00e4ltiger Meinungen, jedoch in respektvollem Miteinander f\u00fcr eine segensreiche Zukunft unserer Gemeinde.<\/em><\/p>\n","protected":false},"excerpt":{"rendered":"<p>In seiner j\u00fcngsten Sitzung am 9. Juni 2020 hat sich der Pfarrgemeinderat auch mit den Diskussionen rund um die Pensionierung von Pfarrer Norbert und die Bestellung von Pater Arkadiusz als dessen Nachfolger auseinandergesetzt. Vor diesem Hintergrund hat er diese Stellungnahme abgegeben: Der Pfarrgemeinderat der Pfarre Gersthof-St. Leopold (PGR) hat mit Best\u00fcrzung festgestellt, dass die Diskussion [&hellip;]<\/p>\n","protected":false},"author":2,"featured_media":0,"comment_status":"closed","ping_status":"closed","sticky":false,"template":"","format":"standard","meta":{"ngg_post_thumbnail":0,"footnotes":""},"categories":[7],"tags":[],"class_list":{"0":"post-6872","1":"post","2":"type-post","3":"status-publish","4":"format-standard","6":"category-archiv"},"publishpress_future_action":{"enabled":false,"date":"2026-05-08 18:59:44","action":"category","newStatus":"draft","terms":[],"taxonomy":"category","extraData":[]},"publishpress_future_workflow_manual_trigger":{"enabledWorkflows":[]},"_links":{"self":[{"href":"https:\/\/www.pfarregersthof.at\/komm\/wp-json\/wp\/v2\/posts\/6872","targetHints":{"allow":["GET"]}}],"collection":[{"href":"https:\/\/www.pfarregersthof.at\/komm\/wp-json\/wp\/v2\/posts"}],"about":[{"href":"https:\/\/www.pfarregersthof.at\/komm\/wp-json\/wp\/v2\/types\/post"}],"author":[{"embeddable":true,"href":"https:\/\/www.pfarregersthof.at\/komm\/wp-json\/wp\/v2\/users\/2"}],"replies":[{"embeddable":true,"href":"https:\/\/www.pfarregersthof.at\/komm\/wp-json\/wp\/v2\/comments?post=6872"}],"version-history":[{"count":3,"href":"https:\/\/www.pfarregersthof.at\/komm\/wp-json\/wp\/v2\/posts\/6872\/revisions"}],"predecessor-version":[{"id":6875,"href":"https:\/\/www.pfarregersthof.at\/komm\/wp-json\/wp\/v2\/posts\/6872\/revisions\/6875"}],"wp:attachment":[{"href":"https:\/\/www.pfarregersthof.at\/komm\/wp-json\/wp\/v2\/media?parent=6872"}],"wp:term":[{"taxonomy":"category","embeddable":true,"href":"https:\/\/www.pfarregersthof.at\/komm\/wp-json\/wp\/v2\/categories?post=6872"},{"taxonomy":"post_tag","embeddable":true,"href":"https:\/\/www.pfarregersthof.at\/komm\/wp-json\/wp\/v2\/tags?post=6872"}],"curies":[{"name":"wp","href":"https:\/\/api.w.org\/{rel}","templated":true}]}}