{"id":6879,"date":"2020-08-15T09:18:20","date_gmt":"2020-08-15T08:18:20","guid":{"rendered":"https:\/\/www.pfarregersthof.at\/komm\/?p=6879"},"modified":"2020-09-14T20:11:09","modified_gmt":"2020-09-14T19:11:09","slug":"abschied-von-norbert-rodt-als-pfarrer","status":"publish","type":"post","link":"https:\/\/www.pfarregersthof.at\/komm\/2020\/08\/abschied-von-norbert-rodt-als-pfarrer\/","title":{"rendered":"Abschied von Norbert Rodt als Pfarrer &#8211; Dank-Gottesdienst 13.9. &#8211; kein Norberti-Kirtag"},"content":{"rendered":"\n<p>Wie Pfarrer Norbert Rodt in seiner <a href=\"\/komm\/2020\/05\/pfarrer-norbert-rodts-deklaration-vom-23-mai-2020\/\">Deklaration vom Mai und der formalen Mitteilung im Juni<\/a> allen in Gersthof weitergesagt hat, endet seine Funktion als Pfarrer nach 44 Jahren am 31. August 2020.<br>Die Pfarrgemeinde will sich herzlich bei ihm f\u00fcr diesen langen Dienst bedanken:<\/p>\n<h3>Dank-Gottesdienst am Sonntag, 13. September, 10:00 Uhr<\/h3>\n<p><strong>Zum geplanten Norberti-Kirtag mit an den Gottesdienst anschlie\u00dfenden Fest: manchmal hilft die beste Vorbereitung nichts \u2026<\/strong><\/p>\n<p>Schon vor Monaten hat sich das in den letzten Jahren \u00e4u\u00dferst bew\u00e4hrte und inzwischen professionell erfahrene Norberti Kirtags-Team zur ersten Vorbesprechung getroffen und mit den Teilverantwortlichen die Vorgehensweise f\u00fcr den in diesem Jahr ohnehin schon auf den 13.9.2020 verschobenen Kirtag besprochen. Auch beh\u00f6rdliche Genehmigungen wurden angesucht, zum Teil auch bereits erteilt.<\/p>\n<p>Allerdings sind die notwendigen Corona-bedingten Auflagen f\u00fcr ein derartiges Fest sehr umfangreich und streng, dass sich der Pfarrgemeinderat in Gemeinsamkeit mit den Verantwortlichen des Kirtagsteams leider veranlasst sah, <strong>den Kirtag f\u00fcr dieses Jahr endg\u00fcltig abzusagen.<\/strong><\/p>\n<p>Trotzdem soll der 13.September ein Festtag werden: um 10 Uhr ist die feierliche Dankesmesse f\u00fcr unseren Pfarrer Norbert in der Pfarrkirche, der nach 44 erfolg- und segensreichen Jahren das Amt des Pfarrers von Gersthof an Pater Arkadiusz Zakreta, CM, am 1. September weitergibt. Zum Gottesdienst erwarten wir den uns allen als Gersthofer Firmspender bekannten und beliebten Pr\u00e4lat Maximilian F\u00fcrnsinn aus Herzogenburg, der dem Gottesdienst vorstehen wird.<\/p>\n<p>Bitte l\u00f6schen Sie Ihrem Kalender das Wort Norberti-Kirtag am 13.9.2020 und ersetzen Sie es mit Dank-Gottesdienst, ansonsten bleibt es ein wichtiger Termin f\u00fcr unsere Pfarrgemeinde. Pfarrer Norbert und wir mit ihm freuen uns auf zahlreichen Besuch. Wenn es das Wetter zul\u00e4sst, werden wir Corona-bedingt im Freien vor der Kirche feiern. Bitte sehen Sie die entsprechende Kleidung vor! Um anschlie\u00dfend unter Bedachtnahme auf alle Vorsichtsma\u00dfnahmen ins Gespr\u00e4ch zu kommen, planen wir eine Agape &#8211; entsprechend den Vorgaben &#8211; rund um die Kirche.<\/p>\n<p>Wir freuen uns auf das gemeinsame Feiern!<br><span style=\"color: #3366ff;\"><em>Bernhard Schleser<\/em><\/span> f\u00fcr den PGR und das Vorbereitungsteam<\/p>\n<h3>Geschenke als Danke an Pfarrer Norbert<\/h3>\n<p>Wenn Pfarrer Norbert am 1. September 2020 das Pfarreramt an seinen Nachfolger \u00fcbergibt, blickt er auf 44 erf\u00fcllte Jahre zur\u00fcck. Das Dekret, mit dem er von Kardinal Dr. Franz K\u00f6nig mit Wirkung vom 1. September 1976 zum Pfarrer der Pfarre Gersthof ernannt wurde, tr\u00e4gt den Schlusssatz: \u201eDer Herr begleite Ihre pfarrliche Wirksamkeit mit seinem reichen Segen!\u201c <br>Diesen Segen des Herrn hat Pfarrer Norbert bei den unz\u00e4hligen Tauf-, Kommunion- und Firmfeiern, Weihnachts- und Osterfesten, einfachen Gottesdienstfeiern aber auch in pers\u00f6nlichen Gespr\u00e4chen immer wieder mit uns geteilt. <br>Nun wollen wir ihm f\u00fcr seinen unerm\u00fcdlichen Einsatz in unserer Pfarrgemeinde herzlich mit <strong>zwei Geschenken danken<\/strong>:<br>&gt; Zum Erhalt seiner Gesundheit soll er einen Gutschein f\u00fcr einen Erholungsurlaub \/ Kuraufenthalt bekommen und<br>&gt; als dauerhafte Erinnerung an Pfarrer Norbert wollen wir in Absprache mit der Bezirksvorstehung nahe der Pfarrkirche einen Baum pflanzen.<br>Zur Finanzierung dieser Vorhaben bitten wir um Ihren individuellen Beitrag auf ein Konto bei Erste Bank, IBAN AT25 2011 1842 7882 2000. Bitte geben Sie auf der \u00dcberweisung Ihren vollst\u00e4ndigen Namen an, wir wollen ohne Nennung des gespendeten Betrages eine Dankeskarte mit allen Spendern an Pfarrer Norbert \u00fcbergeben. <br><span style=\"color: #3366ff;\"><em>Bernhard Schleser<\/em><\/span>, stellv. Vorsitzender des PGR<\/p>\n<h3>Als Euer Pfarrer m\u00f6chte ich \u201eLebt wohl\u201c sagen<\/h3>\n<p>freue mich aber \u00fcber fortgesetzte Begegnungen (beim Spaziergang, beim Einkaufen, in der Apotheke und in der Kirche \u2026), denn mein Hauptwohnsitz bleibt in Gersthof, mein Zweitwohnsitz in Klosterneuburg. Wie es mir \u201ein dauerndem Ruhestand\u201c gehen wird, wei\u00df ich noch nicht, aber \u201eLoslassen\u201c will ich jedoch.<br>Als Euer Bruder und bisheriger Wegbegleiter gr\u00fc\u00dft <br><em><span style=\"color: #3366ff;\">Pfarrer Norbert<\/span><\/em><br>PS.: Die R\u00e4umung meiner \u201eDienstwohnung\u201c im Pfarrhaus am Bischof-Faber-Platz wird noch Monate dauern!<\/p>\n","protected":false},"excerpt":{"rendered":"<p>Wie Pfarrer Norbert Rodt in seiner Deklaration vom Mai und der formalen Mitteilung im Juni allen in Gersthof weitergesagt hat, endet seine Funktion als Pfarrer nach 44 Jahren am 31. August 2020.Die Pfarrgemeinde will sich herzlich bei ihm f\u00fcr diesen langen Dienst bedanken: Dank-Gottesdienst am Sonntag, 13. September, 10:00 Uhr Zum geplanten Norberti-Kirtag mit an [&hellip;]<\/p>\n","protected":false},"author":2,"featured_media":6908,"comment_status":"closed","ping_status":"closed","sticky":false,"template":"","format":"standard","meta":{"ngg_post_thumbnail":0,"footnotes":""},"categories":[7],"tags":[],"class_list":{"0":"post-6879","1":"post","2":"type-post","3":"status-publish","4":"format-standard","5":"has-post-thumbnail","7":"category-archiv"},"publishpress_future_action":{"enabled":false,"date":"2026-05-07 21:14:18","action":"category","newStatus":"draft","terms":[],"taxonomy":"category","extraData":[]},"publishpress_future_workflow_manual_trigger":{"enabledWorkflows":[]},"_links":{"self":[{"href":"https:\/\/www.pfarregersthof.at\/komm\/wp-json\/wp\/v2\/posts\/6879","targetHints":{"allow":["GET"]}}],"collection":[{"href":"https:\/\/www.pfarregersthof.at\/komm\/wp-json\/wp\/v2\/posts"}],"about":[{"href":"https:\/\/www.pfarregersthof.at\/komm\/wp-json\/wp\/v2\/types\/post"}],"author":[{"embeddable":true,"href":"https:\/\/www.pfarregersthof.at\/komm\/wp-json\/wp\/v2\/users\/2"}],"replies":[{"embeddable":true,"href":"https:\/\/www.pfarregersthof.at\/komm\/wp-json\/wp\/v2\/comments?post=6879"}],"version-history":[{"count":8,"href":"https:\/\/www.pfarregersthof.at\/komm\/wp-json\/wp\/v2\/posts\/6879\/revisions"}],"predecessor-version":[{"id":6993,"href":"https:\/\/www.pfarregersthof.at\/komm\/wp-json\/wp\/v2\/posts\/6879\/revisions\/6993"}],"wp:featuredmedia":[{"embeddable":true,"href":"https:\/\/www.pfarregersthof.at\/komm\/wp-json\/wp\/v2\/media\/6908"}],"wp:attachment":[{"href":"https:\/\/www.pfarregersthof.at\/komm\/wp-json\/wp\/v2\/media?parent=6879"}],"wp:term":[{"taxonomy":"category","embeddable":true,"href":"https:\/\/www.pfarregersthof.at\/komm\/wp-json\/wp\/v2\/categories?post=6879"},{"taxonomy":"post_tag","embeddable":true,"href":"https:\/\/www.pfarregersthof.at\/komm\/wp-json\/wp\/v2\/tags?post=6879"}],"curies":[{"name":"wp","href":"https:\/\/api.w.org\/{rel}","templated":true}]}}