{"id":6885,"date":"2020-06-27T09:37:52","date_gmt":"2020-06-27T08:37:52","guid":{"rendered":"https:\/\/www.pfarregersthof.at\/komm\/?p=6885"},"modified":"2020-08-30T17:36:36","modified_gmt":"2020-08-30T16:36:36","slug":"abschied-von-kaplan-suresh","status":"publish","type":"post","link":"https:\/\/www.pfarregersthof.at\/komm\/2020\/06\/abschied-von-kaplan-suresh\/","title":{"rendered":"Abschied von Kaplan Suresh (30.8.)"},"content":{"rendered":"\n<p>Anfang Juni wurde Kaplan Suresh nach acht Jahren in Gersthof zur weiteren pastoralen T\u00e4tigkeit in die Schwechat, N\u00d6, berufen.<\/p>\n<h3>Kaplan Suresh sagt DANKESCH\u00d6N<\/h3>\n<p>Abschied zu nehmen ist der schmerzhafteste und traurigste Moment im Leben. Wir kommen unbekannt zusammen und reisen als gute Bekannte, ja als Freund ab.<\/p>\n<p>Wenn ich daran denke, mich von Euch allen zu verabschieden, ist die Antwort meines Herzens \u201eDANKESCH\u00d6N\u201c. Jedes Organ meines K\u00f6rpers ist dankbar und so bedanke ich mich f\u00fcr all das, was Ihr f\u00fcr mich in den acht Jahren meines Aufenthalts in der Pfarre Gersthof getan haben.<\/p>\n<p>Es ist sehr sentimental f\u00fcr mich, Gersthof zu verlassen, weil Gersthof wie eine Mutter und ein Vater ist, die mich gepflegt und mein Leben gepr\u00e4gt haben. Ich kam mit viel Angst und Furcht nach \u00d6sterreich und Gersthof. Ich bin zu Euch gekommen wie ein kleines Kind ohne Sprache und Wissen. Ich kam fast als Null. Aber was ich heute bin, ist durch Euch geschehen, Ihr habt mich geformt und mich auf allen Wegen ermutigt, mir das Leben beigebracht, mich korrigiert, um zu wachsen, und mich mit Liebe und Zuneigung erf\u00fcllt. Es ist alles Eure Liebe und F\u00fcrsorge.<\/p>\n<p>Ich habe meinen Aufenthalt in Gersthof sehr gesch\u00e4tzt. Gersthof zu verlassen ist wie mein Zuhause zu verlassen. Ich fand hier M\u00fctter, die sich um mich k\u00fcmmern, V\u00e4ter, die mich besch\u00fctzen und br\u00fcderlich unterst\u00fctzen. Ich habe dadurch die Abwesenheit meiner Eltern und meines Zuhauses nicht so stark gesp\u00fcrt. Ihr habt mich akzeptiert und als Euren behandelt und mir so Vertrauen und Hoffnung f\u00fcr die Zukunft gegeben.<\/p>\n<p>Lasst mich auch Eure besondere finanzielle Unterst\u00fctzung f\u00fcr meine armen Patenkinder in Indien anerkennen. Ihr habt diese Kinder f\u00fcr ihre bessere Zukunft unterst\u00fctzt. Ihr habt die Hoffnung auf ein besseres Morgen, auf Zukunft hell gemacht. Ohne Eure finanzielle Unterst\u00fctzung w\u00e4re es mir nat\u00fcrlich nicht so leichtgefallen, die Ausgegrenzten und \u00c4rmsten der Armen in der Gesellschaft in Indien zu erziehen. Ich hoffe und bete, dass Ihr mich nicht vergesst und Euch auch sp\u00e4ter noch daran erinnert. Eure kontinuierliche Hilfe f\u00fcr die Ausbildung der Armen und Bed\u00fcrftigen (mein Projekt) in Indien zu leisten. Meine Erfahrungen in Gersthof sind sehr reich und spannend.<\/p>\n<p>Lasst mich ganz besonders Pfarrer Dr. Norbert Rodt f\u00fcr seine besondere Liebe und F\u00fcrsorge w\u00e4hrend meines Aufenthaltes in Gersthof danken. Er war meine St\u00e4rke, Unterst\u00fctzung und Ermutigung. Er war wie ein Vater, der sich um mich gek\u00fcmmert hat. Obwohl ich keine Namen erw\u00e4hne, gibt es eine Reihe von Personen, denen ich pers\u00f6nlich danken kann, die sich w\u00e4hrend meines Aufenthalts in Gersthof um mich gek\u00fcmmert und mich unterst\u00fctzt haben.<\/p>\n<p>Auch wenn ich Euch verlasse, bleibt mein Herz hier und sch\u00e4tzt seine Erinnerungen und Erfahrungen in Gersthof; es hinterl\u00e4sst Euch Sch\u00e4tze von Gef\u00fchlen. Ich hoffe und bete, dass Ihr Euch alle an mich erinnert und mich weiterhin unterst\u00fctzt. Ich m\u00f6chte in Zukunft wiederkommen und Euch alle besuchen. Ich verlasse Euch, um wiederzukommen. Ich verspreche Euch meine ganze Unterst\u00fctzung im Gebet. VIELEN DANK.<br>Euer <span style=\"color: #3366ff;\"><em>Kaplan Suresh Kumar Remalli<\/em><\/span><\/p>\n<h3>Die Pfarrgemeinde dankt Kaplan Suresh<\/h3>\n<p><strong>Wir m\u00f6chten Kaplan Suresh f\u00fcr seine Dienste in Gersthof ein herzliches Dankesch\u00f6n sagen und auch f\u00fcr seine Patenkinder in Indien mitgeben.<\/strong><\/p>\n<p>Wenn Sie dazu beitragen wollen, denken Sie bitte beim n\u00e4chsten Bankbesuch oder beim \u201eHome-Banking\u201c daran. Zahlen Sie Ihren Beitrag dazu ein oder \u00fcberweisen Sie<br>diesen auf das Pfarrkonto bei Erste Bank ( Pfarre Gersthof IBAN AT94 2011 1000 0493 8100 ) mit dem Verwendungszweck \u201ePatenkinder Suresh\u201c.<\/p>\n<p>Ein gro\u00dfes Dankesch\u00f6n und \u201eVergelt\u2019s Gott.\u201c<br><span style=\"color: #3366ff;\"><em>Helmut Janota<\/em><\/span>, Stellv. Vorsitzender des Verm\u00f6gensverwaltungsrates (VVR) Gersthof \u2013 St. Leopold<\/p>\n<p>&nbsp;<\/p>\n","protected":false},"excerpt":{"rendered":"<p>Anfang Juni wurde Kaplan Suresh nach acht Jahren in Gersthof zur weiteren pastoralen T\u00e4tigkeit in die Schwechat, N\u00d6, berufen. Kaplan Suresh sagt DANKESCH\u00d6N Abschied zu nehmen ist der schmerzhafteste und traurigste Moment im Leben. Wir kommen unbekannt zusammen und reisen als gute Bekannte, ja als Freund ab. Wenn ich daran denke, mich von Euch allen [&hellip;]<\/p>\n","protected":false},"author":2,"featured_media":0,"comment_status":"closed","ping_status":"closed","sticky":false,"template":"","format":"standard","meta":{"ngg_post_thumbnail":0,"footnotes":""},"categories":[7],"tags":[],"class_list":{"0":"post-6885","1":"post","2":"type-post","3":"status-publish","4":"format-standard","6":"category-archiv"},"publishpress_future_action":{"enabled":false,"date":"2026-05-08 23:12:27","action":"category","newStatus":"draft","terms":[],"taxonomy":"category","extraData":[]},"publishpress_future_workflow_manual_trigger":{"enabledWorkflows":[]},"_links":{"self":[{"href":"https:\/\/www.pfarregersthof.at\/komm\/wp-json\/wp\/v2\/posts\/6885","targetHints":{"allow":["GET"]}}],"collection":[{"href":"https:\/\/www.pfarregersthof.at\/komm\/wp-json\/wp\/v2\/posts"}],"about":[{"href":"https:\/\/www.pfarregersthof.at\/komm\/wp-json\/wp\/v2\/types\/post"}],"author":[{"embeddable":true,"href":"https:\/\/www.pfarregersthof.at\/komm\/wp-json\/wp\/v2\/users\/2"}],"replies":[{"embeddable":true,"href":"https:\/\/www.pfarregersthof.at\/komm\/wp-json\/wp\/v2\/comments?post=6885"}],"version-history":[{"count":4,"href":"https:\/\/www.pfarregersthof.at\/komm\/wp-json\/wp\/v2\/posts\/6885\/revisions"}],"predecessor-version":[{"id":6938,"href":"https:\/\/www.pfarregersthof.at\/komm\/wp-json\/wp\/v2\/posts\/6885\/revisions\/6938"}],"wp:attachment":[{"href":"https:\/\/www.pfarregersthof.at\/komm\/wp-json\/wp\/v2\/media?parent=6885"}],"wp:term":[{"taxonomy":"category","embeddable":true,"href":"https:\/\/www.pfarregersthof.at\/komm\/wp-json\/wp\/v2\/categories?post=6885"},{"taxonomy":"post_tag","embeddable":true,"href":"https:\/\/www.pfarregersthof.at\/komm\/wp-json\/wp\/v2\/tags?post=6885"}],"curies":[{"name":"wp","href":"https:\/\/api.w.org\/{rel}","templated":true}]}}