{"id":6887,"date":"2020-06-27T10:05:05","date_gmt":"2020-06-27T09:05:05","guid":{"rendered":"https:\/\/www.pfarregersthof.at\/komm\/?p=6887"},"modified":"2020-11-21T15:50:27","modified_gmt":"2020-11-21T14:50:27","slug":"sommer-in-der-pfarre","status":"publish","type":"post","link":"https:\/\/www.pfarregersthof.at\/komm\/2020\/06\/sommer-in-der-pfarre\/","title":{"rendered":"Sommer in der Pfarre"},"content":{"rendered":"\n<h3>Sommer-Gottesdienstordnung<\/h3>\n<p>in unserer Pfarre f\u00fcr die Zeit vom 5. Juli \u2013 6. September 2020<\/p>\n<ul>\n<li>Vesper, Abendgebet, samstags, 18.10 Uhr, Pfarrkirche\/Osterkapelle<\/li>\n<li>Sonntag-Vorabendgottesdienst, samstags,&nbsp; 18.30 Uhr, in der Pfarrkirche<\/li>\n<li>Gemeindegottesdienst, sonntags, 9.30 Uhr, in der Pfarrkirche<\/li>\n<li>Dienstag \u2013 Freitag: Gottesdienst<sup>*<\/sup> um 8.00 Uhr in der Pfarrkirche\/Osterkapelle<br><br><\/li>\n<li><strong>Johannes Nepomuk-Kapelle<\/strong> Keine Gottesdienste \/ dienstags, 18.00 Uhr, Rosenkranz-Gebet<\/li>\n<li><strong>Pensionistenwohnhaus &#8222;An der T\u00fcrkenschanze&#8220;<\/strong>: 7. Juli um 9.30 Uhr; 28. Juli um 10.15 Uhr; 6. August um 9.30 Uhr; 25.August um 10.15 Uhr<\/li>\n<\/ul>\n<p>*) Bitte beachten Sie die jeweils aktuelle Wochenterminliste im Schaukasten. Danke!<\/p>\n<h3>Pfarrsekretariat &#8211; \u00d6ffnungszeiten<\/h3>\n<p>Das Pfarrsekretariat ist in den Sommerferien von Montag \u2013 Freitag von 9.00 \u2013 11.00 Uhr ge\u00f6ffnet. Die Aufzeichnung von Telefonanrufen wird regelm\u00e4\u00dfig abgeh\u00f6rt.<\/p>\n<p>In dringenden seelsorglichen Situationen wenden Sie sich bitte an die Telefonseelsorge (142), f\u00fcr soziale Anliegen steht das Caritastelefon 0664\/ 54 23 979 f\u00fcr Sie bereit. <br><span style=\"color: #3366ff;\"><em>Elisabeth Kromer<\/em><\/span><\/p>\n<h3>Anwesenheit der in der Pastoral t\u00e4tigen MitarbeiterInnen<\/h3>\n<p>Pfr. Norbert 11.\/12. Juli, ab 11. August<br>Kaplan Suresh bis 30. August<br>Diakon Toni ist \u00fcber das Sekretariat erreichbar<br>Diakon Uwe bis 11. Juli, 19. Juli \u2013 29. August<br>Pastoralassistentin Gerda 3. \u2013 8. August und ab 17. August<\/p>\n<h3>Sammlungen<\/h3>\n<p><strong>Pfarrsammlungen<\/strong>: Sa. 4.\/So. 5. Juli; Sa. 1.\/So. 2. August; Sa. 5.\/So. 6. September<br><strong>Christophorussammlung:<\/strong> Samstag, 18. \/ Sonntag, 19. Juli,<br>F\u00fcr jeden unfallfreien Kilometer seit dem letzten Sommer ein Zehntel Cent! Spenden an MIVA erbeten unter IBAN AT57 5400 0000 0077 777. Diese Spende ist steuerlich absetzbar! Ein Sammelkasten ist aufgestellt.<\/p>\n<h2>Veranstaltungen<\/h2>\n<h3>Sommerheuriger, Fr., 3. Juli, ab 17.00 Uhr, Pfarrhaus\/Garten<\/h3>\n<p>Wir freuen uns, wenn du\/Sie zum Heurigen in den Garten des Pfarrhauses (Bischof-Faber-Platz 7) kommst\/en, um einen gem\u00fctlichen Nachmittag\/Abend zu verbringen. Bei Schlechtwetter findet der Heurige NICHT statt.<br>Auf viele Begegnungen freuen sich <br><span style=\"color: #3366ff;\"><em>Pfr. Norbert, Gerda Winner<\/em><\/span><\/p>\n<h3>Pfarrstammtisch im Pfarrhaus-Garten<\/h3>\n<p>Bitte folgende Termine vormerken: Dienstag, 14. &amp; 28. Juli, Dienstag, 11. &amp; 25. August. Beginn jeweils ab 15.30 Uhr, im Pfarrhaus (Bischof-Faber-Platz 7)<br>Bei Schlechtwetter im Gemeindezentrum (Bastiengasse 18)!<\/p>\n","protected":false},"excerpt":{"rendered":"<p>Sommer-Gottesdienstordnung in unserer Pfarre f\u00fcr die Zeit vom 5. Juli \u2013 6. September 2020 Vesper, Abendgebet, samstags, 18.10 Uhr, Pfarrkirche\/Osterkapelle Sonntag-Vorabendgottesdienst, samstags,&nbsp; 18.30 Uhr, in der Pfarrkirche Gemeindegottesdienst, sonntags, 9.30 Uhr, in der Pfarrkirche Dienstag \u2013 Freitag: Gottesdienst* um 8.00 Uhr in der Pfarrkirche\/Osterkapelle Johannes Nepomuk-Kapelle Keine Gottesdienste \/ dienstags, 18.00 Uhr, Rosenkranz-Gebet Pensionistenwohnhaus &#8222;An [&hellip;]<\/p>\n","protected":false},"author":2,"featured_media":0,"comment_status":"closed","ping_status":"closed","sticky":false,"template":"","format":"standard","meta":{"ngg_post_thumbnail":0,"footnotes":""},"categories":[7],"tags":[],"class_list":{"0":"post-6887","1":"post","2":"type-post","3":"status-publish","4":"format-standard","6":"category-archiv"},"publishpress_future_action":{"enabled":false,"date":"2026-05-08 23:11:35","action":"category","newStatus":"draft","terms":[],"taxonomy":"category","extraData":[]},"publishpress_future_workflow_manual_trigger":{"enabledWorkflows":[]},"_links":{"self":[{"href":"https:\/\/www.pfarregersthof.at\/komm\/wp-json\/wp\/v2\/posts\/6887","targetHints":{"allow":["GET"]}}],"collection":[{"href":"https:\/\/www.pfarregersthof.at\/komm\/wp-json\/wp\/v2\/posts"}],"about":[{"href":"https:\/\/www.pfarregersthof.at\/komm\/wp-json\/wp\/v2\/types\/post"}],"author":[{"embeddable":true,"href":"https:\/\/www.pfarregersthof.at\/komm\/wp-json\/wp\/v2\/users\/2"}],"replies":[{"embeddable":true,"href":"https:\/\/www.pfarregersthof.at\/komm\/wp-json\/wp\/v2\/comments?post=6887"}],"version-history":[{"count":7,"href":"https:\/\/www.pfarregersthof.at\/komm\/wp-json\/wp\/v2\/posts\/6887\/revisions"}],"predecessor-version":[{"id":6933,"href":"https:\/\/www.pfarregersthof.at\/komm\/wp-json\/wp\/v2\/posts\/6887\/revisions\/6933"}],"wp:attachment":[{"href":"https:\/\/www.pfarregersthof.at\/komm\/wp-json\/wp\/v2\/media?parent=6887"}],"wp:term":[{"taxonomy":"category","embeddable":true,"href":"https:\/\/www.pfarregersthof.at\/komm\/wp-json\/wp\/v2\/categories?post=6887"},{"taxonomy":"post_tag","embeddable":true,"href":"https:\/\/www.pfarregersthof.at\/komm\/wp-json\/wp\/v2\/tags?post=6887"}],"curies":[{"name":"wp","href":"https:\/\/api.w.org\/{rel}","templated":true}]}}