{"id":6892,"date":"2020-06-27T09:09:29","date_gmt":"2020-06-27T08:09:29","guid":{"rendered":"https:\/\/www.pfarregersthof.at\/komm\/?p=6892"},"modified":"2020-09-07T15:01:50","modified_gmt":"2020-09-07T14:01:50","slug":"das-mini-lager","status":"publish","type":"post","link":"https:\/\/www.pfarregersthof.at\/komm\/2020\/06\/das-mini-lager\/","title":{"rendered":"Das Mini-Lager &#8230;"},"content":{"rendered":"\n<p>Diese Woche versenden die Ministranten ihre Einladung zum Minilager 2020. Nach der guten Pandemie-Entwicklung in den letzten Wochen hoffen sie sehr, wie gewohnt in der letzten Ferienwoche ihr Lager durchf\u00fchren zu k\u00f6nnen, dieses Jahr in Lujtomer in Slowenien.<\/p>\n<p>Die Gruppenleiter und Gruppenleiterinnen sind schon flei\u00dfig am Programm vorbereiten. Die Einladung mit Infos und Anmeldung finden sich auf der Homepage der Ministranten auf <a href=\"http:\/\/www.minisgersthof.at\">www.minisgersthof.at<\/a><br><span style=\"color: #3366ff;\"><em>Severin<\/em> <\/span>als Leiter des MiniLagers!<\/p>\n","protected":false},"excerpt":{"rendered":"<p>Diese Woche versenden die Ministranten ihre Einladung zum Minilager 2020. Nach der guten Pandemie-Entwicklung in den letzten Wochen hoffen sie sehr, wie gewohnt in der letzten Ferienwoche ihr Lager durchf\u00fchren zu k\u00f6nnen, dieses Jahr in Lujtomer in Slowenien. Die Gruppenleiter und Gruppenleiterinnen sind schon flei\u00dfig am Programm vorbereiten. Die Einladung mit Infos und Anmeldung finden [&hellip;]<\/p>\n","protected":false},"author":2,"featured_media":0,"comment_status":"closed","ping_status":"closed","sticky":false,"template":"","format":"standard","meta":{"ngg_post_thumbnail":0,"footnotes":""},"categories":[7],"tags":[],"class_list":{"0":"post-6892","1":"post","2":"type-post","3":"status-publish","4":"format-standard","6":"category-archiv"},"publishpress_future_action":{"enabled":false,"date":"2026-05-08 21:42:27","action":"category","newStatus":"draft","terms":[],"taxonomy":"category","extraData":[]},"publishpress_future_workflow_manual_trigger":{"enabledWorkflows":[]},"_links":{"self":[{"href":"https:\/\/www.pfarregersthof.at\/komm\/wp-json\/wp\/v2\/posts\/6892","targetHints":{"allow":["GET"]}}],"collection":[{"href":"https:\/\/www.pfarregersthof.at\/komm\/wp-json\/wp\/v2\/posts"}],"about":[{"href":"https:\/\/www.pfarregersthof.at\/komm\/wp-json\/wp\/v2\/types\/post"}],"author":[{"embeddable":true,"href":"https:\/\/www.pfarregersthof.at\/komm\/wp-json\/wp\/v2\/users\/2"}],"replies":[{"embeddable":true,"href":"https:\/\/www.pfarregersthof.at\/komm\/wp-json\/wp\/v2\/comments?post=6892"}],"version-history":[{"count":1,"href":"https:\/\/www.pfarregersthof.at\/komm\/wp-json\/wp\/v2\/posts\/6892\/revisions"}],"predecessor-version":[{"id":6893,"href":"https:\/\/www.pfarregersthof.at\/komm\/wp-json\/wp\/v2\/posts\/6892\/revisions\/6893"}],"wp:attachment":[{"href":"https:\/\/www.pfarregersthof.at\/komm\/wp-json\/wp\/v2\/media?parent=6892"}],"wp:term":[{"taxonomy":"category","embeddable":true,"href":"https:\/\/www.pfarregersthof.at\/komm\/wp-json\/wp\/v2\/categories?post=6892"},{"taxonomy":"post_tag","embeddable":true,"href":"https:\/\/www.pfarregersthof.at\/komm\/wp-json\/wp\/v2\/tags?post=6892"}],"curies":[{"name":"wp","href":"https:\/\/api.w.org\/{rel}","templated":true}]}}