{"id":6898,"date":"2020-06-27T10:02:40","date_gmt":"2020-06-27T09:02:40","guid":{"rendered":"https:\/\/www.pfarregersthof.at\/komm\/?p=6898"},"modified":"2020-09-07T15:01:14","modified_gmt":"2020-09-07T14:01:14","slug":"als-ihr-neuer-pfarrer","status":"publish","type":"post","link":"https:\/\/www.pfarregersthof.at\/komm\/2020\/06\/als-ihr-neuer-pfarrer\/","title":{"rendered":"Als ihr neuer Pfarrer &#8230;"},"content":{"rendered":"\n<p>&#8230; m\u00f6chte ich Sie herzlich begr\u00fc\u00dfen!<\/p>\n<p>Kardinal Sch\u00f6nborn hat mich mit 1. September neben meinen anderen T\u00e4tigkeiten zum Pfarrer von Gersthof ernannt. Gemeinsam mit meinen vier Mitbr\u00fcdern werde ich diese T\u00e4tigkeit mit Gottes Hilfe und meinen Kr\u00e4ften aus\u00fcben.<\/p>\n<figure id=\"attachment_6911\" aria-describedby=\"caption-attachment-6911\" style=\"width: 401px\" class=\"wp-caption alignright\"><a href=\"https:\/\/www.pfarregersthof.at\/komm\/wp-content\/uploads\/2020\/06\/mwsat-20170312-P1020691.jpg\"><img loading=\"lazy\" decoding=\"async\" class=\"wp-image-6911\" src=\"https:\/\/www.pfarregersthof.at\/komm\/wp-content\/uploads\/2020\/06\/mwsat-20170312-P1020691-800x535.jpg\" alt=\"\" width=\"401\" height=\"268\" srcset=\"https:\/\/www.pfarregersthof.at\/komm\/wp-content\/uploads\/2020\/06\/mwsat-20170312-P1020691-800x535.jpg 800w, https:\/\/www.pfarregersthof.at\/komm\/wp-content\/uploads\/2020\/06\/mwsat-20170312-P1020691-300x201.jpg 300w, https:\/\/www.pfarregersthof.at\/komm\/wp-content\/uploads\/2020\/06\/mwsat-20170312-P1020691-150x100.jpg 150w, https:\/\/www.pfarregersthof.at\/komm\/wp-content\/uploads\/2020\/06\/mwsat-20170312-P1020691-768x514.jpg 768w, https:\/\/www.pfarregersthof.at\/komm\/wp-content\/uploads\/2020\/06\/mwsat-20170312-P1020691-696x466.jpg 696w, https:\/\/www.pfarregersthof.at\/komm\/wp-content\/uploads\/2020\/06\/mwsat-20170312-P1020691-628x420.jpg 628w, https:\/\/www.pfarregersthof.at\/komm\/wp-content\/uploads\/2020\/06\/mwsat-20170312-P1020691.jpg 1000w\" sizes=\"auto, (max-width: 401px) 100vw, 401px\" \/><\/a><figcaption id=\"caption-attachment-6911\" class=\"wp-caption-text\">P. Arkadiusz bei einem Gottesdienst in Gersthof im M\u00e4rz 2017 (Anklicken zum Vergr\u00f6\u00dfern)<\/figcaption><\/figure>\n<p>Ich freue mich auf ein Kennenlernen. <strong>Den ersten Gottesdienst werde ich am 6. September um 9.30 Uhr in der Pfarrkirche von Gersthof mit Ihnen feiern.<\/strong> Ich freue mich darauf und bitte Sie um Ihr Gebet f\u00fcr mich und f\u00fcr uns als Lazaristengemeinschaft.<\/p>\n<p>In den Tagen davor werden der Verm\u00f6gensverwaltungsrat und der Pfarrgemeinderat bereits mit mir tagen, um die Pfarr\u00fcbergabe, die f\u00fcr den 27. August geplant ist, vorzubereiten. Ebenso werden wir Planungen f\u00fcr das kommende Arbeitsjahr bedenken und durchf\u00fchren.<\/p>\n<p>Mit lieben Gr\u00fc\u00dfen <br><span style=\"color: #3366ff;\"><em>P. Arkadiusz Zakreta CM<\/em><\/span><\/p>\n<p><sup>Foto: Michael Steidl<\/sup><\/p>\n","protected":false},"excerpt":{"rendered":"<p>&#8230; m\u00f6chte ich Sie herzlich begr\u00fc\u00dfen! Kardinal Sch\u00f6nborn hat mich mit 1. September neben meinen anderen T\u00e4tigkeiten zum Pfarrer von Gersthof ernannt. Gemeinsam mit meinen vier Mitbr\u00fcdern werde ich diese T\u00e4tigkeit mit Gottes Hilfe und meinen Kr\u00e4ften aus\u00fcben. Ich freue mich auf ein Kennenlernen. Den ersten Gottesdienst werde ich am 6. September um 9.30 Uhr [&hellip;]<\/p>\n","protected":false},"author":2,"featured_media":0,"comment_status":"closed","ping_status":"closed","sticky":false,"template":"","format":"standard","meta":{"ngg_post_thumbnail":0,"footnotes":""},"categories":[7],"tags":[],"class_list":{"0":"post-6898","1":"post","2":"type-post","3":"status-publish","4":"format-standard","6":"category-archiv"},"publishpress_future_action":{"enabled":false,"date":"2026-05-08 23:14:52","action":"category","newStatus":"draft","terms":[],"taxonomy":"category","extraData":[]},"publishpress_future_workflow_manual_trigger":{"enabledWorkflows":[]},"_links":{"self":[{"href":"https:\/\/www.pfarregersthof.at\/komm\/wp-json\/wp\/v2\/posts\/6898","targetHints":{"allow":["GET"]}}],"collection":[{"href":"https:\/\/www.pfarregersthof.at\/komm\/wp-json\/wp\/v2\/posts"}],"about":[{"href":"https:\/\/www.pfarregersthof.at\/komm\/wp-json\/wp\/v2\/types\/post"}],"author":[{"embeddable":true,"href":"https:\/\/www.pfarregersthof.at\/komm\/wp-json\/wp\/v2\/users\/2"}],"replies":[{"embeddable":true,"href":"https:\/\/www.pfarregersthof.at\/komm\/wp-json\/wp\/v2\/comments?post=6898"}],"version-history":[{"count":5,"href":"https:\/\/www.pfarregersthof.at\/komm\/wp-json\/wp\/v2\/posts\/6898\/revisions"}],"predecessor-version":[{"id":6916,"href":"https:\/\/www.pfarregersthof.at\/komm\/wp-json\/wp\/v2\/posts\/6898\/revisions\/6916"}],"wp:attachment":[{"href":"https:\/\/www.pfarregersthof.at\/komm\/wp-json\/wp\/v2\/media?parent=6898"}],"wp:term":[{"taxonomy":"category","embeddable":true,"href":"https:\/\/www.pfarregersthof.at\/komm\/wp-json\/wp\/v2\/categories?post=6898"},{"taxonomy":"post_tag","embeddable":true,"href":"https:\/\/www.pfarregersthof.at\/komm\/wp-json\/wp\/v2\/tags?post=6898"}],"curies":[{"name":"wp","href":"https:\/\/api.w.org\/{rel}","templated":true}]}}