{"id":6900,"date":"2020-06-27T10:30:07","date_gmt":"2020-06-27T09:30:07","guid":{"rendered":"https:\/\/www.pfarregersthof.at\/komm\/?p=6900"},"modified":"2020-12-05T17:04:01","modified_gmt":"2020-12-05T16:04:01","slug":"zum-ausklang-des-arbeitsjahres","status":"publish","type":"post","link":"https:\/\/www.pfarregersthof.at\/komm\/2020\/06\/zum-ausklang-des-arbeitsjahres\/","title":{"rendered":"Zum Ausklang des Arbeitsjahres \u2026"},"content":{"rendered":"\n<p>Das Arbeitsjahr 2019\/20 hat uns allen viel abverlangt.<\/p>\n<p>Als Pfarrgemeinde mussten wir eine Entscheidung \u00fcber unseren zuk\u00fcnftigen Status treffen: am 19.1.2020 votierten 88% aller Teilnehmer einer Abstimmung f\u00fcr die weitere Selbst\u00e4ndigkeit der Pfarre Gersthof, die uns im M\u00e4rz schlie\u00dflich von Kardinal Sch\u00f6nborn auch zugesagt wurde.<\/p>\n<p>Eine weitere Entscheidung des Kardinals betraf die Pensionierung unseres verdienten Pfarrers Norbert und die Bestellung seines Nachfolgers: Pater Arkadiusz Zakreta wird ab 1.9.2020 Pfarrer von Gersthof. Bei seinem ersten sonnt\u00e4glichen Gottesdienst am 6. 9. um 9.30 werden wir ihn herzlich willkommen hei\u00dfen.<\/p>\n<p>Durch die zugesagte Selbst\u00e4ndigkeit werden wir weiterhin in den Gremien der Pfarre &#8211; PGR und VVR &#8211; eigenst\u00e4ndige Entscheidungen treffen k\u00f6nnen und sehen so unsere weitgehende wirtschaftliche Unabh\u00e4ngigkeit gesichert. Aber auch auf pastoraler Ebene sehen wir nach Gespr\u00e4chen von Pfarrer Norbert und Pastoralassistentin Gerda mit Pater Arkadiusz eine gute Entwicklung. Norbert wird als Seelsorger weiterhin Gottesdienste in Gersthof feiern k\u00f6nnen (sonntags vornehmlich am Abend, gelegentlich aber auch um 10.00 Uhr). Tauf-, Kommunion- und Firmvorbereitungen und -feiern sollen in bew\u00e4hrter Form mit unseren vielen ehrenamtlichen Mitarbeitern weitergef\u00fchrt werden.<\/p>\n<p>Viel abverlangt hat uns auch das Corona Virus. Seit Ende Februar dieses Jahres hat es sich auch in \u00d6sterreich verbreitet und nur strikt befolgte Ma\u00dfnahmen der Gesundheitsbeh\u00f6rden konnten die Zahl der Erkrankten und Verstorbenen auf einem (relativ) niedrigen Niveau halten. W\u00e4hrend der Selbstisolation, Quarant\u00e4ne und des Lockdowns hat uns Pfarrer Norbert mit herzlichen Videosequenzen auf der Homepage begleitet. Jetzt freuen wir uns umso mehr, dass seit Mai wieder \u00f6ffentliche Gottesdienste in unserer Pfarrkirche stattfinden k\u00f6nnen: die anf\u00e4nglich geringe Besucheranzahl ist zuletzt erfreulicherweise deutlich angestiegen. Ein kr\u00e4ftiges Lebenszeichen unserer generationen\u00fcbergreifenden Gemeinde sind auch die f\u00fcnf Kommunionfeste, die bis zum Sonntag, den 5.Juli in bew\u00e4hrter Manier stattfinden.<\/p>\n<p>F\u00fcr Sie\/Euch hoffe ich, dass wir die folgenden Wochen zur Erholung nutzen k\u00f6nnen und uns im September wieder gesund und gest\u00e4rkt vor\/in der Kirche sowie im Gemeindezentrum treffen werden. <br>Ich w\u00fcnsche Ihnen\/Euch bis dahin alles Gute.<br><span style=\"color: #3366ff;\"><em>Bernhard Schleser<\/em><\/span>, stellv. Vorsitzender des PGR<\/p>\n","protected":false},"excerpt":{"rendered":"<p>Das Arbeitsjahr 2019\/20 hat uns allen viel abverlangt. Als Pfarrgemeinde mussten wir eine Entscheidung \u00fcber unseren zuk\u00fcnftigen Status treffen: am 19.1.2020 votierten 88% aller Teilnehmer einer Abstimmung f\u00fcr die weitere Selbst\u00e4ndigkeit der Pfarre Gersthof, die uns im M\u00e4rz schlie\u00dflich von Kardinal Sch\u00f6nborn auch zugesagt wurde. Eine weitere Entscheidung des Kardinals betraf die Pensionierung unseres verdienten [&hellip;]<\/p>\n","protected":false},"author":2,"featured_media":0,"comment_status":"closed","ping_status":"closed","sticky":false,"template":"","format":"standard","meta":{"ngg_post_thumbnail":0,"footnotes":""},"categories":[7],"tags":[],"class_list":{"0":"post-6900","1":"post","2":"type-post","3":"status-publish","4":"format-standard","6":"category-archiv"},"publishpress_future_action":{"enabled":false,"date":"2026-05-09 12:31:27","action":"category","newStatus":"draft","terms":[],"taxonomy":"category","extraData":[]},"publishpress_future_workflow_manual_trigger":{"enabledWorkflows":[]},"_links":{"self":[{"href":"https:\/\/www.pfarregersthof.at\/komm\/wp-json\/wp\/v2\/posts\/6900","targetHints":{"allow":["GET"]}}],"collection":[{"href":"https:\/\/www.pfarregersthof.at\/komm\/wp-json\/wp\/v2\/posts"}],"about":[{"href":"https:\/\/www.pfarregersthof.at\/komm\/wp-json\/wp\/v2\/types\/post"}],"author":[{"embeddable":true,"href":"https:\/\/www.pfarregersthof.at\/komm\/wp-json\/wp\/v2\/users\/2"}],"replies":[{"embeddable":true,"href":"https:\/\/www.pfarregersthof.at\/komm\/wp-json\/wp\/v2\/comments?post=6900"}],"version-history":[{"count":1,"href":"https:\/\/www.pfarregersthof.at\/komm\/wp-json\/wp\/v2\/posts\/6900\/revisions"}],"predecessor-version":[{"id":6901,"href":"https:\/\/www.pfarregersthof.at\/komm\/wp-json\/wp\/v2\/posts\/6900\/revisions\/6901"}],"wp:attachment":[{"href":"https:\/\/www.pfarregersthof.at\/komm\/wp-json\/wp\/v2\/media?parent=6900"}],"wp:term":[{"taxonomy":"category","embeddable":true,"href":"https:\/\/www.pfarregersthof.at\/komm\/wp-json\/wp\/v2\/categories?post=6900"},{"taxonomy":"post_tag","embeddable":true,"href":"https:\/\/www.pfarregersthof.at\/komm\/wp-json\/wp\/v2\/tags?post=6900"}],"curies":[{"name":"wp","href":"https:\/\/api.w.org\/{rel}","templated":true}]}}