{"id":6942,"date":"2020-08-15T06:00:00","date_gmt":"2020-08-15T05:00:00","guid":{"rendered":"https:\/\/www.pfarregersthof.at\/komm\/?p=6942"},"modified":"2020-12-05T17:03:47","modified_gmt":"2020-12-05T16:03:47","slug":"kinderkirche-2020-21","status":"publish","type":"post","link":"https:\/\/www.pfarregersthof.at\/komm\/2020\/08\/kinderkirche-2020-21\/","title":{"rendered":"Kinderkirche 2020\/21"},"content":{"rendered":"\n<p>Am Sonntag, 6. September, starten wir um 10.00 Uhr mit der ersten Kinderkiche. Bei halbwegs gutem Wetter treffen wir einander im Pfarrhaus-Garten (Bischof-Faber-Platz 7), falls Schlechtwetter w\u00e4re bitte im Gemeindezentrum (Bastiengasse 18).<\/p>\n<p><strong>F\u00fcr Eltern gilt es Mund-Nasen-Schutzmaske zu tragen, danke f\u00fcr euer Verst\u00e4ndnis!<\/strong><\/p>\n<p>Alle weiteren Termine wird es in gewohnter Weise in einem Folder ab 6. September in der Kirche und und hier auf www.pfarrgersthof.at geben. Coronabedingt wei\u00df ich aber noch nicht, wie wir genau feiern werden.<\/p>\n<p>Daher bitte ich alle einige Tage vor dem Termin auf www.pfarrgersthof.at zu schauen. Hier finden alle die aktuellen Informationen.<\/p>\n<p>Vielen Dank!<br><span style=\"color: #3366ff;\"><em>Gerda Winner<\/em><\/span> mit dem Kinderkirchenteam<\/p>\n","protected":false},"excerpt":{"rendered":"<p>Am Sonntag, 6. September, starten wir um 10.00 Uhr mit der ersten Kinderkiche. Bei halbwegs gutem Wetter treffen wir einander im Pfarrhaus-Garten (Bischof-Faber-Platz 7), falls Schlechtwetter w\u00e4re bitte im Gemeindezentrum (Bastiengasse 18). F\u00fcr Eltern gilt es Mund-Nasen-Schutzmaske zu tragen, danke f\u00fcr euer Verst\u00e4ndnis! Alle weiteren Termine wird es in gewohnter Weise in einem Folder ab [&hellip;]<\/p>\n","protected":false},"author":2,"featured_media":0,"comment_status":"closed","ping_status":"closed","sticky":false,"template":"","format":"standard","meta":{"ngg_post_thumbnail":0,"footnotes":""},"categories":[7],"tags":[],"class_list":{"0":"post-6942","1":"post","2":"type-post","3":"status-publish","4":"format-standard","6":"category-archiv"},"publishpress_future_action":{"enabled":false,"date":"2026-05-07 22:37:06","action":"category","newStatus":"draft","terms":[],"taxonomy":"category","extraData":[]},"publishpress_future_workflow_manual_trigger":{"enabledWorkflows":[]},"_links":{"self":[{"href":"https:\/\/www.pfarregersthof.at\/komm\/wp-json\/wp\/v2\/posts\/6942","targetHints":{"allow":["GET"]}}],"collection":[{"href":"https:\/\/www.pfarregersthof.at\/komm\/wp-json\/wp\/v2\/posts"}],"about":[{"href":"https:\/\/www.pfarregersthof.at\/komm\/wp-json\/wp\/v2\/types\/post"}],"author":[{"embeddable":true,"href":"https:\/\/www.pfarregersthof.at\/komm\/wp-json\/wp\/v2\/users\/2"}],"replies":[{"embeddable":true,"href":"https:\/\/www.pfarregersthof.at\/komm\/wp-json\/wp\/v2\/comments?post=6942"}],"version-history":[{"count":1,"href":"https:\/\/www.pfarregersthof.at\/komm\/wp-json\/wp\/v2\/posts\/6942\/revisions"}],"predecessor-version":[{"id":6943,"href":"https:\/\/www.pfarregersthof.at\/komm\/wp-json\/wp\/v2\/posts\/6942\/revisions\/6943"}],"wp:attachment":[{"href":"https:\/\/www.pfarregersthof.at\/komm\/wp-json\/wp\/v2\/media?parent=6942"}],"wp:term":[{"taxonomy":"category","embeddable":true,"href":"https:\/\/www.pfarregersthof.at\/komm\/wp-json\/wp\/v2\/categories?post=6942"},{"taxonomy":"post_tag","embeddable":true,"href":"https:\/\/www.pfarregersthof.at\/komm\/wp-json\/wp\/v2\/tags?post=6942"}],"curies":[{"name":"wp","href":"https:\/\/api.w.org\/{rel}","templated":true}]}}