{"id":7989,"date":"2020-11-28T17:01:00","date_gmt":"2020-11-28T16:01:00","guid":{"rendered":"https:\/\/www.pfarregersthof.at\/komm\/?p=7989"},"modified":"2020-12-06T16:31:07","modified_gmt":"2020-12-06T15:31:07","slug":"coronavirus-lockdown-auch-keine-gottesdienste","status":"publish","type":"post","link":"https:\/\/www.pfarregersthof.at\/komm\/2020\/11\/coronavirus-lockdown-auch-keine-gottesdienste\/","title":{"rendered":"Coronavirus-Lockdown: auch keine Gottesdienste bis 6.12."},"content":{"rendered":"\n<p>Liebe Gersthoferinnen und Gersthofer,<br>Anfang November hat die katholische Kirche mit den \u201emilden Lockdown\u201c mitgezogen und weitgehend Veranstaltungen in den Gemeinden, so auch hier in Gersthof, eingestellt.<br>Nun wurde von der Bundesregierung wieder ein \u201estrenger Lockdown\u201c&nbsp;<strong>ab dem 17.11.2020<\/strong>&nbsp;festgelegt und die \u00f6sterreichischen Bisch\u00f6fe haben entschieden, auch hier mitzugehen: ab diesem Tag&nbsp;<strong>werden keine Gottesdienste die f\u00fcr alle offen sind gefeiert \u2013 auch in Gersthof.<\/strong><\/p>\n<p><em>\u00dcbertragungen von Gottesdiensten im Fernsehen oder via Internet<\/em>&nbsp;stehen an jedem Tag zur Verf\u00fcgung, Konkretes ist auf dieser Seite der Erzdi\u00f6zese Wien zu finden.<br>Aus der Gemeinschaft der Lazaristen im 18. Bezirk wird <strong>ab 17.11.<\/strong> an jedem Tag der Woche ein Gottesdienst im Internet \u00fcbertragen:<br>&#8211; auf YouTube im <a href=\"https:\/\/www.youtube.com\/channel\/UCjomtEZjGo83lBtKWTn4ziw\" target=\"_blank\" rel=\"noopener noreferrer\">Kanal der Pfarre St. Severin<\/a><br>&#8211; auf <a href=\"https:\/\/m.facebook.com\/PolacyuSeweryna\/?sid=0.31053391774248695&amp;source=result\" target=\"_blank\" rel=\"noopener noreferrer\">Facebook<\/a><\/p>\n<p>Bitte n\u00fctzt die neuen&nbsp;<a href=\"https:\/\/www.pfarregersthof.at\/komm\/termine\/aktuelle\/\">Aktuellen Termine<\/a>, die oberste Zeile eines Sonn- und Feiertags ist oft anklickbar und f\u00fchrt zu zus\u00e4tzlichen Informationen, z.B. (Bibel-)Texte zum Tag, Unterst\u00fctzung f\u00fcr Hauskirche oder das Feiern mit Kindern daheim.&nbsp;<\/p>\n<p><strong>Diese Regelungen gelten ab Dienstag, 17.11., vorerst bis Sonntag, 6.12.2020:<\/strong><\/p>\n<ul>\n<li>Keine Gottesdienste die f\u00fcr alle offen sind, an keinem Tag der Woche.<\/li>\n<li>Auch keine Andachten, Gebetstreffen oder \u00e4hnliches.<\/li>\n<li>Die Pfarrkirche ist jedoch w\u00e4hrend es Tages, 8:30 bis 18:00 Uhr, ge\u00f6ffnet: die Au\u00dfentore sind offen, die Glast\u00fcren bleiben geschlossen. Aber vor den Glast\u00fcren steht der Raum f\u00fcr Gebete zur Verf\u00fcgung.<br><span style=\"color: #008000;\">NEU: an den Samstagen und Sonntagen ist auch der Kircheninnenraum von 17:00 bis 19:00 Uhr f\u00fcr Ihr Gebet ge\u00f6ffnet.<\/span><\/li>\n<li>Begr\u00e4bnisse k\u00f6nnen begleitet werden. Es gelten die Regelungen der Stadt Wien.<\/li>\n<li>Keine sonstigen f\u00fcr alle offenen Veranstaltungen in der Pfarre.<\/li>\n<li>Die seelsorgliche Betreuung von Kranken und Sterbenden bleibt aufrecht.<\/li>\n<li>Das&nbsp;<a href=\"https:\/\/www.pfarregersthof.at\/komm\/pfarre-von-a-z\/information\/kontakt-aufnehmen\/#pfarrsek\">Pfarrsekretariat<\/a>&nbsp;ist in Betrieb. Es sind jedoch alle eingeladen, es nicht zu betreten, sondern \u00fcber Telefon \u2013 01\/479 22 92 \u2013 oder per E-Mail \u2013&nbsp;<a href=\"mailto:sekretariat@pfarregersthof.at\">sekretariat@pfarregersthof.at<\/a>&nbsp;\u2013 Kontakt aufzunehmen.<\/li>\n<\/ul>\n<p>Hinweis: aufgrund dieser Regelungen ist es nicht m\u00f6glich, so wie geplant Pakete der Weihnachtsaktion am 5. und 6. Dezember nach den \u2013 jetzt nicht stattfindenden \u2013 Gottesdiensten abzugeben. Eine \u00dcbersicht der alternativen Termine&nbsp;<a href=\"https:\/\/www.pfarregersthof.at\/komm\/2020\/11\/weihnachtspaketaktion-startet\/\">ist hier zu finden<\/a>.<\/p>\n<p>Wir sch\u00fctzen damit uns selbst und unsere Mitmenschen und erm\u00f6glichen Vielen die Teilnahme am Gersthofer Gemeindeleben!<\/p>\n<p><em>Website-Redakteur&nbsp;<span style=\"color: #3366ff;\">Michael Steidl<\/span>&nbsp;in Absprache mit&nbsp;<span style=\"color: #3366ff;\">Wolfgang Twaroch<\/span><\/em> vom Corona-Team<\/p>\n<h2>Hilfe f\u00fcr den Alltag<\/h2>\n<p><strong>\u201eW\u00e4hring hilft\u201c<\/strong><\/p>\n<p>Schon w\u00e4hrend des ersten Lock Down starteten junge W\u00e4hringer*innen in Kooperation mit unserer Pfarre und den Johannitern diese Aktion! Auch in dieser Phase sind wir bereit und bieten unsere Hilfe an! Wenn Sie Unterst\u00fctzung ben\u00f6tigen, dann helfen wir gerne. Wir sind erreichbar unter: 0680\/3184234 oder <a href=\"mailto:waehringhilft@gmail.com\">waehringhilft@gmail.com<\/a>.<\/p>\n<p><span style=\"color: #3366ff;\"><em>Oliver M\u00f6llner und Mitarbeiter*innen<\/em><\/span><\/p>\n<p><strong>Vom L\u00f6wenzahn kann man Essen holen<\/strong><\/p>\n<p>&#8222;L\u00f6wenzahn&#8220; ist kleines feines Restaurant in der Gesthoferstra\u00dfe 158 und hier wird auch w\u00e4hrend des Lockdown f\u00fcr uns gekocht. Leckere Schmankerl und t\u00e4glich ein herrliches Men\u00fc erwarten uns. Dienstag bis Samstag von 11.00 Uhr \u2013 15.00 Uhr! Einfach anrufen \u2013 0664\/4227220 \u2013 bestellen und abholen! Bei Bedarf ist auch Zustellung m\u00f6glich! <br><span style=\"color: #3366ff;\"><em>Gerda Winner<\/em><\/span><\/p>\n","protected":false},"excerpt":{"rendered":"<p>Liebe Gersthoferinnen und Gersthofer,Anfang November hat die katholische Kirche mit den \u201emilden Lockdown\u201c mitgezogen und weitgehend Veranstaltungen in den Gemeinden, so auch hier in Gersthof, eingestellt.Nun wurde von der Bundesregierung wieder ein \u201estrenger Lockdown\u201c&nbsp;ab dem 17.11.2020&nbsp;festgelegt und die \u00f6sterreichischen Bisch\u00f6fe haben entschieden, auch hier mitzugehen: ab diesem Tag&nbsp;werden keine Gottesdienste die f\u00fcr alle offen sind [&hellip;]<\/p>\n","protected":false},"author":2,"featured_media":7998,"comment_status":"closed","ping_status":"closed","sticky":false,"template":"","format":"standard","meta":{"ngg_post_thumbnail":0,"footnotes":""},"categories":[7],"tags":[],"class_list":{"0":"post-7989","1":"post","2":"type-post","3":"status-publish","4":"format-standard","5":"has-post-thumbnail","7":"category-archiv"},"publishpress_future_action":{"enabled":false,"date":"2026-05-10 19:02:35","action":"category","newStatus":"draft","terms":[],"taxonomy":"category","extraData":[]},"publishpress_future_workflow_manual_trigger":{"enabledWorkflows":[]},"_links":{"self":[{"href":"https:\/\/www.pfarregersthof.at\/komm\/wp-json\/wp\/v2\/posts\/7989","targetHints":{"allow":["GET"]}}],"collection":[{"href":"https:\/\/www.pfarregersthof.at\/komm\/wp-json\/wp\/v2\/posts"}],"about":[{"href":"https:\/\/www.pfarregersthof.at\/komm\/wp-json\/wp\/v2\/types\/post"}],"author":[{"embeddable":true,"href":"https:\/\/www.pfarregersthof.at\/komm\/wp-json\/wp\/v2\/users\/2"}],"replies":[{"embeddable":true,"href":"https:\/\/www.pfarregersthof.at\/komm\/wp-json\/wp\/v2\/comments?post=7989"}],"version-history":[{"count":13,"href":"https:\/\/www.pfarregersthof.at\/komm\/wp-json\/wp\/v2\/posts\/7989\/revisions"}],"predecessor-version":[{"id":8145,"href":"https:\/\/www.pfarregersthof.at\/komm\/wp-json\/wp\/v2\/posts\/7989\/revisions\/8145"}],"wp:featuredmedia":[{"embeddable":true,"href":"https:\/\/www.pfarregersthof.at\/komm\/wp-json\/wp\/v2\/media\/7998"}],"wp:attachment":[{"href":"https:\/\/www.pfarregersthof.at\/komm\/wp-json\/wp\/v2\/media?parent=7989"}],"wp:term":[{"taxonomy":"category","embeddable":true,"href":"https:\/\/www.pfarregersthof.at\/komm\/wp-json\/wp\/v2\/categories?post=7989"},{"taxonomy":"post_tag","embeddable":true,"href":"https:\/\/www.pfarregersthof.at\/komm\/wp-json\/wp\/v2\/tags?post=7989"}],"curies":[{"name":"wp","href":"https:\/\/api.w.org\/{rel}","templated":true}]}}