{"id":8003,"date":"2020-11-28T17:20:33","date_gmt":"2020-11-28T16:20:33","guid":{"rendered":"https:\/\/www.pfarregersthof.at\/komm\/?p=8003"},"modified":"2021-01-01T16:55:40","modified_gmt":"2021-01-01T15:55:40","slug":"sternsingen-so-sicher-wie-moeglich","status":"publish","type":"post","link":"https:\/\/www.pfarregersthof.at\/komm\/2020\/11\/sternsingen-so-sicher-wie-moeglich\/","title":{"rendered":"Sternsingen &#8211; so SICHER wie m\u00f6glich! (aktualisiert 23.12.)"},"content":{"rendered":"\n<figure class=\"wp-block-embed is-type-video is-provider-youtube wp-block-embed-youtube wp-embed-aspect-16-9 wp-has-aspect-ratio\"><div class=\"wp-block-embed__wrapper\">\n<iframe loading=\"lazy\" title=\"Sternsingeraktion 2021: Vorstellung\" width=\"696\" height=\"392\" src=\"https:\/\/www.youtube.com\/embed\/medcl4jsZjc?feature=oembed\" frameborder=\"0\" allow=\"accelerometer; autoplay; clipboard-write; encrypted-media; gyroscope; picture-in-picture\" allowfullscreen><\/iframe>\n<\/div><\/figure>\n\n\n\n<p><strong>&#8230; und hier zum Nachlesen:<\/strong><\/p>\n<p>Die Not in den L\u00e4ndern des globalen S\u00fcdens ist unfassbar gro\u00df: es herrscht Verzweiflung und existenzielle Bedrohung. Das geht uns etwas an! Unterst\u00fctzt die Dreik\u00f6nigskation, unterst\u00fctzt dadurch 500 Projekte in den L\u00e4ndern des globalen S\u00fcdens, helft den Menschen von YFA &#8211; Youth for Action in S\u00fcdindien, dem heurigen Beispielsprojekt &#8211; sie brauchen unsere Hilfe jetzt mehr denn je!&nbsp;<\/p>\n<h3>Wie das Sternsingen heuer, mitten im Lockdown, sein wird<\/h3>\n<p>Deshalb wird es die &#8211; mit Abstand &#8211; herausforderndste Dreik\u00f6nigsaktion seit 1954 geben! Wir werden alles tun, um zu helfen &#8211; aber auch Sie und uns alle vor einer Gesundheitsgef\u00e4hrdung sch\u00fctzen. Deshalb wird es heuer<\/p>\n<ul>\n<li>einen Sternsinger*innenbesuch als Video auf der Website der Pfarre geben (kommt in K\u00fcrze)<\/li>\n<li>Sie k\u00f6nnen sich zu einem online-Besuch der SternsingerInnen am 6.1.2021 <a href=\"https:\/\/forms.gle\/JJqgXkrQWxCUPZdLA\">im Web anmelden<\/a> und so eine Gruppe digital (mittels Zoom) zu sich nachhause holen<\/li>\n<li>Vom 3. bis zum 7. J\u00e4nner werden Hausbesuche mit dem vorgeschriebenen Abstand erfolgen (inkl. distanzierter \u00dcbergabe von Spenden) &#8211; einzelne Wohnungen werden nicht besucht.<\/li>\n<li>Je eine Sternsingergruppe wird am 3., 4., 5. und 6. J\u00e4nner jeweils um 11 Uhr am Gersthofer Platzl, am T\u00fcrkenschanzplatz und an der Ecke Alseggerstra\u00dfe\/Herbeckstra\u00dfe auftreten. Am Platz vor der Pfarrkirche wird es t\u00e4glich 2 Auftritte geben: um 11:00 Uhr und um 18:00 Uhr.<\/li>\n<li>Kinder, Jugendliche und Begleiter*innen werden immer einen Mund-Nasen-Schutz tragen<\/li>\n<li>Als Geschenke f\u00fcr die Sternsinger-Kinder bitte nur Originalverpacktes wie Schokolade (&#8230;leider keine Kekse o.\u00e4.) \u00fcbergeben.<\/li>\n<li>Im Gemeindezentrum (Bastiengasse 18) k\u00f6nnen in der Zeit vom 3. bis 7. J\u00e4nner von 10 bis 16 Uhr Spenden in einen dort stehenden h\u00f6lzernen Opferstock eingeworfen werden &#8211; ohne Personenkontakt.<\/li>\n<li>Wenn Sie eine Spendenbest\u00e4tigung f\u00fcr die steuerliche Absetzbarkeit wollen: bitte den\/die Geldschein(e) mit einen Klammerl, Gummiringerl oder \u00e4hnlichem mit einer Zettel verbinden, darauf soll stehen: Ihr Name, Ihr Geburtsdatum und Ihre Wohnadresse laut Meldezettel und der gespendete Betrag.&nbsp;<\/li>\n<\/ul>\n<h3>Mitmachen beim Sternsingen<\/h3>\n<p>Seid gegr\u00fc\u00dft, ob Dame, ob Herr<br>Euch zu begr\u00fc\u00dfen, das freut uns sehr!<br>So schwierig war das 20er Jahr \u2013 <br>genau deshalb sind die Sternsinger wieder da!<\/p>\n<p>Hoffentlich \u2013 denn ohne euch Kinder, euch Jugendliche und Sie, liebe Erwachsene, kann diese gro\u00dfartige Hilfsaktion nicht gelingen. Unterst\u00fctzt die Dreik\u00f6nigsakation, <b><span style=\"color: black;\">wir hoffen, du bist, Sie sind mit dabei!<\/span><\/b> Wir werden alles tun, um zu helfen \u2013 aber auch um euch und uns alle vor einer Gesundheitsgef\u00e4hrdung zu sch\u00fctzen.<\/p>\n<p><b>Ab sofort bis 31.12.2020 freuen wir uns \u00fcber Anmeldungen \u00fcber unsere Anmeldeformulare:<\/b><\/p>\n<ul>\n<li><a href=\"https:\/\/forms.gle\/6bhh8yoUr87Xo4pm7\" target=\"_blank\" rel=\"noopener noreferrer\">f\u00fcr Sternsinger*innen<\/a><\/li>\n<li><a href=\"https:\/\/forms.gle\/sAYU3X88TpBSRUFh8\" target=\"_blank\" rel=\"noopener noreferrer\">f\u00fcr Begleitpersonen<\/a><\/li>\n<\/ul>\n<p>R\u00fcckfragen gerne an <a href=\"mailto:sternsingeraktion@pfarregersthof.at\">sternsingeraktion@pfarregersthof.at<\/a> oder per Telefon: 0676 415 76 84.<\/p>\n<p>Genaue Informationen gibt es ab sofort hier zum Herunterladen: <a href=\"\/dokus\/dka\/2021Einladung_SternsingerInnen.pdf\">Einladung an SternsingerInnen<\/a> &amp; <a href=\"\/dokus\/dka\/2021Einladung_Begleitpersonen.pdf\">Einladung an Begleitpersonen<\/a>. Au\u00dferdem zum Nachlesen: <a href=\"\/dokus\/dka\/2021LiedText.pdf\">Lied &amp; Text<\/a>, <a href=\"\/dokus\/dka\/2021Projekt.pdf\">Projektinfos<\/a>, <a href=\"\/dokus\/dka\/2021Coronainfos_SternsingerInnen.pdf\">Coronainfos f\u00fcr Sternsinger*innen<\/a> und <a href=\"\/dokus\/dka\/2021Coronainfos_Begleitpersonen.pdf\">Coronainfos f\u00fcr Begleitpersonen<\/a>. Die Einladungen liegen in Papierform auch neben den gro\u00dfen Innentoren auf, dort wo es auch das Gersthof gemeinsam gibt.<\/p>\n<p>Jede Hilfe ist willkommen: Kinder begleiten, Kinder in K\u00f6nige verwandeln, das Lied ein\u00fcben oder instrumental begleiten, online-Besuche begleiten, finanzielle Unterst\u00fctzung, Motivationssch\u00fcbe liefern und vieles mehr, \u2026<\/p>\n<p>Macht mit, helft mit, unterst\u00fctzen Sie wie bisher die Sternsingeraktion und Menschen in gr\u00f6\u00dfter Not!<\/p>\n<p><span style=\"color: #3366ff;\"><em>Monika Gamillscheg, Flo Wenig und Hemma Gamillscheg<\/em><\/span><\/p>\n","protected":false},"excerpt":{"rendered":"<p>&#8230; und hier zum Nachlesen: Die Not in den L\u00e4ndern des globalen S\u00fcdens ist unfassbar gro\u00df: es herrscht Verzweiflung und existenzielle Bedrohung. Das geht uns etwas an! Unterst\u00fctzt die Dreik\u00f6nigskation, unterst\u00fctzt dadurch 500 Projekte in den L\u00e4ndern des globalen S\u00fcdens, helft den Menschen von YFA &#8211; Youth for Action in S\u00fcdindien, dem heurigen Beispielsprojekt &#8211; [&hellip;]<\/p>\n","protected":false},"author":2,"featured_media":0,"comment_status":"closed","ping_status":"closed","sticky":false,"template":"","format":"standard","meta":{"ngg_post_thumbnail":0,"footnotes":""},"categories":[7],"tags":[],"class_list":{"0":"post-8003","1":"post","2":"type-post","3":"status-publish","4":"format-standard","6":"category-archiv"},"publishpress_future_action":{"enabled":false,"date":"2026-05-08 18:25:05","action":"category","newStatus":"draft","terms":[],"taxonomy":"category","extraData":[]},"publishpress_future_workflow_manual_trigger":{"enabledWorkflows":[]},"_links":{"self":[{"href":"https:\/\/www.pfarregersthof.at\/komm\/wp-json\/wp\/v2\/posts\/8003","targetHints":{"allow":["GET"]}}],"collection":[{"href":"https:\/\/www.pfarregersthof.at\/komm\/wp-json\/wp\/v2\/posts"}],"about":[{"href":"https:\/\/www.pfarregersthof.at\/komm\/wp-json\/wp\/v2\/types\/post"}],"author":[{"embeddable":true,"href":"https:\/\/www.pfarregersthof.at\/komm\/wp-json\/wp\/v2\/users\/2"}],"replies":[{"embeddable":true,"href":"https:\/\/www.pfarregersthof.at\/komm\/wp-json\/wp\/v2\/comments?post=8003"}],"version-history":[{"count":12,"href":"https:\/\/www.pfarregersthof.at\/komm\/wp-json\/wp\/v2\/posts\/8003\/revisions"}],"predecessor-version":[{"id":10426,"href":"https:\/\/www.pfarregersthof.at\/komm\/wp-json\/wp\/v2\/posts\/8003\/revisions\/10426"}],"wp:attachment":[{"href":"https:\/\/www.pfarregersthof.at\/komm\/wp-json\/wp\/v2\/media?parent=8003"}],"wp:term":[{"taxonomy":"category","embeddable":true,"href":"https:\/\/www.pfarregersthof.at\/komm\/wp-json\/wp\/v2\/categories?post=8003"},{"taxonomy":"post_tag","embeddable":true,"href":"https:\/\/www.pfarregersthof.at\/komm\/wp-json\/wp\/v2\/tags?post=8003"}],"curies":[{"name":"wp","href":"https:\/\/api.w.org\/{rel}","templated":true}]}}