{"id":8068,"date":"2020-11-21T16:13:18","date_gmt":"2020-11-21T15:13:18","guid":{"rendered":"https:\/\/www.pfarregersthof.at\/komm\/?p=8068"},"modified":"2020-12-05T16:58:58","modified_gmt":"2020-12-05T15:58:58","slug":"pfr-i-r-norbert-rodt-abschied-aus-pfarrhaus","status":"publish","type":"post","link":"https:\/\/www.pfarregersthof.at\/komm\/2020\/11\/pfr-i-r-norbert-rodt-abschied-aus-pfarrhaus\/","title":{"rendered":"Pfr.i.R Norbert Rodt: Abschied aus Pfarrhaus"},"content":{"rendered":"\n<p>Der Alt-Pfarrer von Gersthof, Norbert Rodt, hat am 17. November Abschied vom Pfarrhaus am Bischof-Faber-Platz 7 genommen. Im September 1976 war er hier mit seiner Ernennung zum Pfarrer eingezogen und hat seither im 1. Stock gewohnt.<\/p>\n<p><a href=\"https:\/\/www.pfarregersthof.at\/komm\/wp-content\/uploads\/2020\/11\/foto.mws_.at-20201117-_DSF9411.jpg\"><img loading=\"lazy\" decoding=\"async\" class=\"alignleft wp-image-8071 size-medium\" src=\"https:\/\/www.pfarregersthof.at\/komm\/wp-content\/uploads\/2020\/11\/foto.mws_.at-20201117-_DSF9411-200x300.jpg\" alt=\"\" width=\"200\" height=\"300\" srcset=\"https:\/\/www.pfarregersthof.at\/komm\/wp-content\/uploads\/2020\/11\/foto.mws_.at-20201117-_DSF9411-200x300.jpg 200w, https:\/\/www.pfarregersthof.at\/komm\/wp-content\/uploads\/2020\/11\/foto.mws_.at-20201117-_DSF9411-533x800.jpg 533w, https:\/\/www.pfarregersthof.at\/komm\/wp-content\/uploads\/2020\/11\/foto.mws_.at-20201117-_DSF9411-100x150.jpg 100w, https:\/\/www.pfarregersthof.at\/komm\/wp-content\/uploads\/2020\/11\/foto.mws_.at-20201117-_DSF9411-768x1152.jpg 768w, https:\/\/www.pfarregersthof.at\/komm\/wp-content\/uploads\/2020\/11\/foto.mws_.at-20201117-_DSF9411-696x1044.jpg 696w, https:\/\/www.pfarregersthof.at\/komm\/wp-content\/uploads\/2020\/11\/foto.mws_.at-20201117-_DSF9411-280x420.jpg 280w, https:\/\/www.pfarregersthof.at\/komm\/wp-content\/uploads\/2020\/11\/foto.mws_.at-20201117-_DSF9411.jpg 1000w\" sizes=\"auto, (max-width: 200px) 100vw, 200px\" \/><\/a><\/p>\n<p>Bereits vor der \u00dcbergabe des Amtes des Pfarrers an P. Arkadiusz Zakreta Anfang September 2020 hatte Norbert Rodt auch den Auszug aus seiner Wohnung begonnen. &#8222;Meine pers\u00f6nlichen Dinge habe ich bald ger\u00e4umt gehabt, aber ich hatte von fast jeder Aktivit\u00e4t in den letzten 44 Jahren Material gesammelt und das galt es nun Schritt f\u00fcr Schritt auszusortieren&#8220;, sagte er anl\u00e4sslich der letzten Runde von R\u00e4umungsarbeiten. Am Nachmittag verlie\u00df er das Pfarrhaus mit zwei Kopfbedeckungen in der Hand: einem Biret mit lila Quaste, die ihm als Monsignore zustand, und eine Kappe mit der Aufschrift &#8222;Hausmeister&#8220;. &#8222;Ich hatte eine gro\u00dfe Bandbreite an Rollen zu erf\u00fcllen, vom hochrangingen Repr\u00e4sentanten der katholischen Kirche bis zu dem, der sich um die einfachen Dinge im Pfarrhaus k\u00fcmmerte&#8220;, sagte er nachdem er die Pfarrhaust\u00fcre hinter sich gelassen hatte.<\/p>\n<figure id=\"attachment_8072\" aria-describedby=\"caption-attachment-8072\" style=\"width: 696px\" class=\"wp-caption aligncenter\"><a href=\"https:\/\/www.pfarregersthof.at\/komm\/wp-content\/uploads\/2020\/11\/foto.mws_.at-20201117-_DSF9420.jpg\"><img loading=\"lazy\" decoding=\"async\" class=\"size-large wp-image-8072\" src=\"https:\/\/www.pfarregersthof.at\/komm\/wp-content\/uploads\/2020\/11\/foto.mws_.at-20201117-_DSF9420-800x534.jpg\" alt=\"\" width=\"696\" height=\"465\" srcset=\"https:\/\/www.pfarregersthof.at\/komm\/wp-content\/uploads\/2020\/11\/foto.mws_.at-20201117-_DSF9420-800x534.jpg 800w, https:\/\/www.pfarregersthof.at\/komm\/wp-content\/uploads\/2020\/11\/foto.mws_.at-20201117-_DSF9420-300x200.jpg 300w, https:\/\/www.pfarregersthof.at\/komm\/wp-content\/uploads\/2020\/11\/foto.mws_.at-20201117-_DSF9420-150x100.jpg 150w, https:\/\/www.pfarregersthof.at\/komm\/wp-content\/uploads\/2020\/11\/foto.mws_.at-20201117-_DSF9420-768x512.jpg 768w, https:\/\/www.pfarregersthof.at\/komm\/wp-content\/uploads\/2020\/11\/foto.mws_.at-20201117-_DSF9420-696x464.jpg 696w, https:\/\/www.pfarregersthof.at\/komm\/wp-content\/uploads\/2020\/11\/foto.mws_.at-20201117-_DSF9420-630x420.jpg 630w, https:\/\/www.pfarregersthof.at\/komm\/wp-content\/uploads\/2020\/11\/foto.mws_.at-20201117-_DSF9420.jpg 1000w\" sizes=\"auto, (max-width: 696px) 100vw, 696px\" \/><\/a><figcaption id=\"caption-attachment-8072\" class=\"wp-caption-text\">Der langj\u00e4hrige Pfarrer von Gersthof-St. Leopold, Msgr. Dr. Norbert Rodt, nahm am 17.11.2020 Abschied von seiner Wohnung im Pfarrhaus<\/figcaption><\/figure>\n<p>Nun anschlie\u00dfend wird die Wohnung etwas renoviert und Anfang 2021 wird sie von Pfr. P. Arkadiusz Zakreta bezogen und bewohnt werden.<\/p>\n","protected":false},"excerpt":{"rendered":"<p>Der Alt-Pfarrer von Gersthof, Norbert Rodt, hat am 17. November Abschied vom Pfarrhaus am Bischof-Faber-Platz 7 genommen. Im September 1976 war er hier mit seiner Ernennung zum Pfarrer eingezogen und hat seither im 1. Stock gewohnt. Bereits vor der \u00dcbergabe des Amtes des Pfarrers an P. Arkadiusz Zakreta Anfang September 2020 hatte Norbert Rodt auch [&hellip;]<\/p>\n","protected":false},"author":2,"featured_media":0,"comment_status":"closed","ping_status":"closed","sticky":false,"template":"","format":"standard","meta":{"ngg_post_thumbnail":0,"footnotes":""},"categories":[5],"tags":[],"class_list":{"0":"post-8068","1":"post","2":"type-post","3":"status-publish","4":"format-standard","6":"category-was-gewesen-ist"},"publishpress_future_action":{"enabled":false,"date":"2026-05-10 17:26:20","action":"category","newStatus":"draft","terms":[],"taxonomy":"category","extraData":[]},"publishpress_future_workflow_manual_trigger":{"enabledWorkflows":[]},"_links":{"self":[{"href":"https:\/\/www.pfarregersthof.at\/komm\/wp-json\/wp\/v2\/posts\/8068","targetHints":{"allow":["GET"]}}],"collection":[{"href":"https:\/\/www.pfarregersthof.at\/komm\/wp-json\/wp\/v2\/posts"}],"about":[{"href":"https:\/\/www.pfarregersthof.at\/komm\/wp-json\/wp\/v2\/types\/post"}],"author":[{"embeddable":true,"href":"https:\/\/www.pfarregersthof.at\/komm\/wp-json\/wp\/v2\/users\/2"}],"replies":[{"embeddable":true,"href":"https:\/\/www.pfarregersthof.at\/komm\/wp-json\/wp\/v2\/comments?post=8068"}],"version-history":[{"count":4,"href":"https:\/\/www.pfarregersthof.at\/komm\/wp-json\/wp\/v2\/posts\/8068\/revisions"}],"predecessor-version":[{"id":8108,"href":"https:\/\/www.pfarregersthof.at\/komm\/wp-json\/wp\/v2\/posts\/8068\/revisions\/8108"}],"wp:attachment":[{"href":"https:\/\/www.pfarregersthof.at\/komm\/wp-json\/wp\/v2\/media?parent=8068"}],"wp:term":[{"taxonomy":"category","embeddable":true,"href":"https:\/\/www.pfarregersthof.at\/komm\/wp-json\/wp\/v2\/categories?post=8068"},{"taxonomy":"post_tag","embeddable":true,"href":"https:\/\/www.pfarregersthof.at\/komm\/wp-json\/wp\/v2\/tags?post=8068"}],"curies":[{"name":"wp","href":"https:\/\/api.w.org\/{rel}","templated":true}]}}