{"id":8139,"date":"2020-11-28T17:18:19","date_gmt":"2020-11-28T16:18:19","guid":{"rendered":"https:\/\/www.pfarregersthof.at\/komm\/?p=8139"},"modified":"2020-12-12T12:11:18","modified_gmt":"2020-12-12T11:11:18","slug":"open-air-gemeindezentrum","status":"publish","type":"post","link":"https:\/\/www.pfarregersthof.at\/komm\/2020\/11\/open-air-gemeindezentrum\/","title":{"rendered":"Open Air Gemeindezentrum"},"content":{"rendered":"\n<p>Open Air \u2013 GZ, so lautet der spontane Einfall eines Baumeisters f\u00fcr die Benennung der h\u00f6lzernen H\u00fctte, die seit kurzem rechts neben dem Eingang unserer Pfarrkirche steht.<\/p>\n<p><a href=\"https:\/\/www.pfarregersthof.at\/komm\/wp-content\/uploads\/2020\/11\/foto.mws_.at-20201122-IMG_0212.jpg\"><img loading=\"lazy\" decoding=\"async\" class=\"alignleft size-medium wp-image-8140\" src=\"https:\/\/www.pfarregersthof.at\/komm\/wp-content\/uploads\/2020\/11\/foto.mws_.at-20201122-IMG_0212-300x225.jpg\" alt=\"\" width=\"300\" height=\"225\" srcset=\"https:\/\/www.pfarregersthof.at\/komm\/wp-content\/uploads\/2020\/11\/foto.mws_.at-20201122-IMG_0212-300x225.jpg 300w, https:\/\/www.pfarregersthof.at\/komm\/wp-content\/uploads\/2020\/11\/foto.mws_.at-20201122-IMG_0212-800x600.jpg 800w, https:\/\/www.pfarregersthof.at\/komm\/wp-content\/uploads\/2020\/11\/foto.mws_.at-20201122-IMG_0212-150x113.jpg 150w, https:\/\/www.pfarregersthof.at\/komm\/wp-content\/uploads\/2020\/11\/foto.mws_.at-20201122-IMG_0212-768x576.jpg 768w, https:\/\/www.pfarregersthof.at\/komm\/wp-content\/uploads\/2020\/11\/foto.mws_.at-20201122-IMG_0212-80x60.jpg 80w, https:\/\/www.pfarregersthof.at\/komm\/wp-content\/uploads\/2020\/11\/foto.mws_.at-20201122-IMG_0212-265x198.jpg 265w, https:\/\/www.pfarregersthof.at\/komm\/wp-content\/uploads\/2020\/11\/foto.mws_.at-20201122-IMG_0212-696x522.jpg 696w, https:\/\/www.pfarregersthof.at\/komm\/wp-content\/uploads\/2020\/11\/foto.mws_.at-20201122-IMG_0212-560x420.jpg 560w, https:\/\/www.pfarregersthof.at\/komm\/wp-content\/uploads\/2020\/11\/foto.mws_.at-20201122-IMG_0212.jpg 1000w\" sizes=\"auto, (max-width: 300px) 100vw, 300px\" \/><\/a>Wozu brauchen wir die H\u00fctte? Wie allseits bekannt, mussten wir Corona-bedingt schon viele Monate auf unser traditionelles Pfarrkaffee im Gemeindezentrum nach dem 10.00 Uhr Gottesdienst an Sonn- und Feiertagen verzichten. Da kam die Idee auf, Kaffee, Tee oder auch einmal als Punsch im Freien auszuschenken, also ein Open Air Gemeindezentrum zu schaffen.<\/p>\n<p>Diesen und weiteren kulinarischen Angeboten soll die H\u00fctte gewidmet sein. Leider kam uns jetzt der harte Lockdown dazwischen, aber wenn wir wieder Gottesdienst feiern k\u00f6nnen, werden wir hoffentlich durchstarten und hei\u00dfe Getr\u00e4nke anbieten. Mit der Inbetriebnahme m\u00fcssen wir ohnehin noch bis zur (Anfang Oktober eingereichten) beh\u00f6rdlichen Genehmigung zuwarten.<\/p>\n<p>\u00dcbrigens: wir k\u00f6nnten die H\u00fctte auch \u201eWolfis H\u00fctte\u201c nennen, denn ohne die professionelle Hilfe der beiden Wolfgangs \u2013 Wolfgang Liebhart und Wolfgang Twaroch \u2013 w\u00e4re der schnelle Aufbau der H\u00fctte nicht m\u00f6glich gewesen. <br>Vielen Dank euch beiden!!<\/p>\n<p><span style=\"color: #3366ff;\"><em>Bernhard Schleser<\/em><\/span><br>stv. Vorsitzender des PGR<\/p>\n","protected":false},"excerpt":{"rendered":"<p>Open Air \u2013 GZ, so lautet der spontane Einfall eines Baumeisters f\u00fcr die Benennung der h\u00f6lzernen H\u00fctte, die seit kurzem rechts neben dem Eingang unserer Pfarrkirche steht. Wozu brauchen wir die H\u00fctte? Wie allseits bekannt, mussten wir Corona-bedingt schon viele Monate auf unser traditionelles Pfarrkaffee im Gemeindezentrum nach dem 10.00 Uhr Gottesdienst an Sonn- und [&hellip;]<\/p>\n","protected":false},"author":2,"featured_media":0,"comment_status":"closed","ping_status":"closed","sticky":false,"template":"","format":"standard","meta":{"ngg_post_thumbnail":0,"footnotes":""},"categories":[7],"tags":[],"class_list":{"0":"post-8139","1":"post","2":"type-post","3":"status-publish","4":"format-standard","6":"category-archiv"},"publishpress_future_action":{"enabled":false,"date":"2026-05-10 12:32:32","action":"category","newStatus":"draft","terms":[],"taxonomy":"category","extraData":[]},"publishpress_future_workflow_manual_trigger":{"enabledWorkflows":[]},"_links":{"self":[{"href":"https:\/\/www.pfarregersthof.at\/komm\/wp-json\/wp\/v2\/posts\/8139","targetHints":{"allow":["GET"]}}],"collection":[{"href":"https:\/\/www.pfarregersthof.at\/komm\/wp-json\/wp\/v2\/posts"}],"about":[{"href":"https:\/\/www.pfarregersthof.at\/komm\/wp-json\/wp\/v2\/types\/post"}],"author":[{"embeddable":true,"href":"https:\/\/www.pfarregersthof.at\/komm\/wp-json\/wp\/v2\/users\/2"}],"replies":[{"embeddable":true,"href":"https:\/\/www.pfarregersthof.at\/komm\/wp-json\/wp\/v2\/comments?post=8139"}],"version-history":[{"count":1,"href":"https:\/\/www.pfarregersthof.at\/komm\/wp-json\/wp\/v2\/posts\/8139\/revisions"}],"predecessor-version":[{"id":8141,"href":"https:\/\/www.pfarregersthof.at\/komm\/wp-json\/wp\/v2\/posts\/8139\/revisions\/8141"}],"wp:attachment":[{"href":"https:\/\/www.pfarregersthof.at\/komm\/wp-json\/wp\/v2\/media?parent=8139"}],"wp:term":[{"taxonomy":"category","embeddable":true,"href":"https:\/\/www.pfarregersthof.at\/komm\/wp-json\/wp\/v2\/categories?post=8139"},{"taxonomy":"post_tag","embeddable":true,"href":"https:\/\/www.pfarregersthof.at\/komm\/wp-json\/wp\/v2\/tags?post=8139"}],"curies":[{"name":"wp","href":"https:\/\/api.w.org\/{rel}","templated":true}]}}