{"id":8273,"date":"2020-12-13T15:33:20","date_gmt":"2020-12-13T14:33:20","guid":{"rendered":"https:\/\/www.pfarregersthof.at\/komm\/?p=8273"},"modified":"2021-01-09T15:35:43","modified_gmt":"2021-01-09T14:35:43","slug":"weihnachtspackerln-an-mehr-als-600-menschen","status":"publish","type":"post","link":"https:\/\/www.pfarregersthof.at\/komm\/2020\/12\/weihnachtspackerln-an-mehr-als-600-menschen\/","title":{"rendered":"Weihnachtspackerln an mehr als 600 Menschen"},"content":{"rendered":"\n<p><a href=\"https:\/\/www.pfarregersthof.at\/komm\/wp-content\/uploads\/2020\/12\/foto.mws_.at-20201213-_DSF9915.jpg\"><img loading=\"lazy\" decoding=\"async\" class=\"alignleft size-medium wp-image-8278\" src=\"https:\/\/www.pfarregersthof.at\/komm\/wp-content\/uploads\/2020\/12\/foto.mws_.at-20201213-_DSF9915-239x300.jpg\" alt=\"\" width=\"239\" height=\"300\" srcset=\"https:\/\/www.pfarregersthof.at\/komm\/wp-content\/uploads\/2020\/12\/foto.mws_.at-20201213-_DSF9915-239x300.jpg 239w, https:\/\/www.pfarregersthof.at\/komm\/wp-content\/uploads\/2020\/12\/foto.mws_.at-20201213-_DSF9915-636x800.jpg 636w, https:\/\/www.pfarregersthof.at\/komm\/wp-content\/uploads\/2020\/12\/foto.mws_.at-20201213-_DSF9915-119x150.jpg 119w, https:\/\/www.pfarregersthof.at\/komm\/wp-content\/uploads\/2020\/12\/foto.mws_.at-20201213-_DSF9915-768x965.jpg 768w, https:\/\/www.pfarregersthof.at\/komm\/wp-content\/uploads\/2020\/12\/foto.mws_.at-20201213-_DSF9915-696x875.jpg 696w, https:\/\/www.pfarregersthof.at\/komm\/wp-content\/uploads\/2020\/12\/foto.mws_.at-20201213-_DSF9915-334x420.jpg 334w, https:\/\/www.pfarregersthof.at\/komm\/wp-content\/uploads\/2020\/12\/foto.mws_.at-20201213-_DSF9915.jpg 1000w\" sizes=\"auto, (max-width: 239px) 100vw, 239px\" \/><\/a>Der 10-Uhr-Gemeindegottesdienst am Gaudete-Adventsonntag, 13.12., war auch heuer von der Weihnachtspaketaktion der Pfarre Gersthof gepr\u00e4gt. Vorsteher des Gottesdienstes war wieder der Leiter der Wiener und \u00f6sterreichischen Caritas, Michael Landau, mit ihm zelebrierte Pfarrer P. Arkadiusz Zakreta.<\/p>\n<p>&nbsp;<\/p>\n<p>&nbsp;<\/p>\n<p>&nbsp;<\/p>\n<p><a href=\"https:\/\/www.pfarregersthof.at\/komm\/wp-content\/uploads\/2020\/12\/foto.mws_.at-20201213-_DSF9865.jpg\"><img loading=\"lazy\" decoding=\"async\" class=\"alignright size-medium wp-image-8281\" src=\"https:\/\/www.pfarregersthof.at\/komm\/wp-content\/uploads\/2020\/12\/foto.mws_.at-20201213-_DSF9865-300x300.jpg\" alt=\"\" width=\"300\" height=\"300\" srcset=\"https:\/\/www.pfarregersthof.at\/komm\/wp-content\/uploads\/2020\/12\/foto.mws_.at-20201213-_DSF9865-300x300.jpg 300w, https:\/\/www.pfarregersthof.at\/komm\/wp-content\/uploads\/2020\/12\/foto.mws_.at-20201213-_DSF9865-800x800.jpg 800w, https:\/\/www.pfarregersthof.at\/komm\/wp-content\/uploads\/2020\/12\/foto.mws_.at-20201213-_DSF9865-150x150.jpg 150w, https:\/\/www.pfarregersthof.at\/komm\/wp-content\/uploads\/2020\/12\/foto.mws_.at-20201213-_DSF9865-768x768.jpg 768w, https:\/\/www.pfarregersthof.at\/komm\/wp-content\/uploads\/2020\/12\/foto.mws_.at-20201213-_DSF9865-696x696.jpg 696w, https:\/\/www.pfarregersthof.at\/komm\/wp-content\/uploads\/2020\/12\/foto.mws_.at-20201213-_DSF9865-420x420.jpg 420w, https:\/\/www.pfarregersthof.at\/komm\/wp-content\/uploads\/2020\/12\/foto.mws_.at-20201213-_DSF9865.jpg 1000w\" sizes=\"auto, (max-width: 300px) 100vw, 300px\" \/><span style=\"color: #1e1e1e;\">Die Leiterin des Gersthofer Caritasteams, Maria Kissich, gab einen \u00dcberblick zur 20. Paketaktion: f\u00fcr 242 Wunschzettel, mehr als bisher, wurden sie erf\u00fcllende Personen gesucht, fast alle fanden eine oder mehrere. 646 Menschen werden mit 270 Paketen beschenkt, mehr Kinder als Erwachsene. W\u00fcnsche wurden von f\u00fcnf Organisationen der Caritas ( Elisabethstiftung, Familienhilfe, Betreutes Wohnen, Caritas Socialis, Bewegung Mitmensch) mitgeteilt.&nbsp;<\/span><\/a><br>Die W\u00fcnsche wurden von Menschen aus der Pfarre Gersthof, aus weiteren Pfarren des 18. Bezirks, der Pfarre Glanzing und aus der Albertus-Magnus-Schule wahrgenommen.&nbsp;<br>Die Information \u00fcber die Aktion wurde auf Papier in der Pfarre, \u00fcber diese Pfarr-Website und von Oliver M\u00f6llner auf Facebook dar\u00fcber hinaus verbreitet. Die Verteilung der eingelangten Packerln vor Weihnachten werden die Johanniter \u00fcbernehmen.<\/p>\n<h3>Kein &#8222;Schlaf der Gleichg\u00fcltigkeit&#8220;<\/h3>\n<p><a href=\"https:\/\/www.pfarregersthof.at\/komm\/wp-content\/uploads\/2020\/12\/foto.mws_.at-20201213-_DSF9904.jpg\"><img loading=\"lazy\" decoding=\"async\" class=\"alignleft wp-image-8279\" src=\"https:\/\/www.pfarregersthof.at\/komm\/wp-content\/uploads\/2020\/12\/foto.mws_.at-20201213-_DSF9904-200x300.jpg\" alt=\"\" width=\"300\" height=\"450\" srcset=\"https:\/\/www.pfarregersthof.at\/komm\/wp-content\/uploads\/2020\/12\/foto.mws_.at-20201213-_DSF9904-200x300.jpg 200w, https:\/\/www.pfarregersthof.at\/komm\/wp-content\/uploads\/2020\/12\/foto.mws_.at-20201213-_DSF9904-533x800.jpg 533w, https:\/\/www.pfarregersthof.at\/komm\/wp-content\/uploads\/2020\/12\/foto.mws_.at-20201213-_DSF9904-100x150.jpg 100w, https:\/\/www.pfarregersthof.at\/komm\/wp-content\/uploads\/2020\/12\/foto.mws_.at-20201213-_DSF9904-768x1152.jpg 768w, https:\/\/www.pfarregersthof.at\/komm\/wp-content\/uploads\/2020\/12\/foto.mws_.at-20201213-_DSF9904-696x1044.jpg 696w, https:\/\/www.pfarregersthof.at\/komm\/wp-content\/uploads\/2020\/12\/foto.mws_.at-20201213-_DSF9904-280x420.jpg 280w, https:\/\/www.pfarregersthof.at\/komm\/wp-content\/uploads\/2020\/12\/foto.mws_.at-20201213-_DSF9904.jpg 1000w\" sizes=\"auto, (max-width: 300px) 100vw, 300px\" \/><\/a>In seiner Predigt rief Caritas-Pr\u00e4sident Landau auf auch in der durch die Coronavirus-Pandemie schwierigen Situation Aufmerksam und Wachsam gegen\u00fcber den N\u00f6ten anderer Menschen zu bleiben. Es kamen in den letzten Monaten viel mehr Menschen um Hilfe zur Caritas als in vergangenen Jahren, Alleinerzieher, Menschen die ihre Arbeit verloren haben, Mindestpensionisten. Darunter seien Menschen die sagen, dass sie sich bisher nicht vorstellen konnten, andere um Hilfe zu bitten. Dazu zitierte Landau Papst Franziskus&#8216; Aufruf, nicht in einen &#8222;Schlaf der Gleichg\u00fcltigkeit&#8220; zu verfallen. Die aktuelle schwierige Situation erfordere eine Wachsamkeit aus N\u00e4chstenliebe denn &#8222;ohne gelebte Liebe kann jemand nicht Christ sein&#8220;. Die Weihnachtspaketaktion sei eine Form des &#8222;Tuns der Liebe&#8220;. Daher dankte er allen, die zur Aktion beigetragen haben, ob als Spender eines Pakets oder als Organisatoren und rief die Pfarrgemeinde auf: &#8222;Wirken wir mit, dass sich das Licht der Liebe nicht ausl\u00f6schen l\u00e4sst&#8220;.<\/p>\n<h3>Die vielen Packerln<\/h3>\n<p>Die Weihnachtspakete waren schon in der vergangenen Woche ins Pfarrsekretariat gebracht worden, viele wurden von Mitfeiernden am Beginn des Gottesdienstes \u00fcbergeben.<\/p>\n<p><a href=\"https:\/\/www.pfarregersthof.at\/komm\/wp-content\/uploads\/2020\/12\/foto.mws_.at-20201213-_DSF9858.jpg\"><img loading=\"lazy\" decoding=\"async\" class=\"alignleft size-large wp-image-8276\" src=\"https:\/\/www.pfarregersthof.at\/komm\/wp-content\/uploads\/2020\/12\/foto.mws_.at-20201213-_DSF9858-800x780.jpg\" alt=\"\" width=\"696\" height=\"679\" srcset=\"https:\/\/www.pfarregersthof.at\/komm\/wp-content\/uploads\/2020\/12\/foto.mws_.at-20201213-_DSF9858-800x780.jpg 800w, https:\/\/www.pfarregersthof.at\/komm\/wp-content\/uploads\/2020\/12\/foto.mws_.at-20201213-_DSF9858-300x293.jpg 300w, https:\/\/www.pfarregersthof.at\/komm\/wp-content\/uploads\/2020\/12\/foto.mws_.at-20201213-_DSF9858-150x146.jpg 150w, https:\/\/www.pfarregersthof.at\/komm\/wp-content\/uploads\/2020\/12\/foto.mws_.at-20201213-_DSF9858-768x749.jpg 768w, https:\/\/www.pfarregersthof.at\/komm\/wp-content\/uploads\/2020\/12\/foto.mws_.at-20201213-_DSF9858-696x679.jpg 696w, https:\/\/www.pfarregersthof.at\/komm\/wp-content\/uploads\/2020\/12\/foto.mws_.at-20201213-_DSF9858-431x420.jpg 431w, https:\/\/www.pfarregersthof.at\/komm\/wp-content\/uploads\/2020\/12\/foto.mws_.at-20201213-_DSF9858.jpg 1000w\" sizes=\"auto, (max-width: 696px) 100vw, 696px\" \/><\/a><\/p>\n<p><a href=\"https:\/\/www.pfarregersthof.at\/komm\/wp-content\/uploads\/2020\/12\/foto.mws_.at-20201213-_DSF9879-2.jpg\"><img loading=\"lazy\" decoding=\"async\" class=\"alignleft size-large wp-image-8280\" src=\"https:\/\/www.pfarregersthof.at\/komm\/wp-content\/uploads\/2020\/12\/foto.mws_.at-20201213-_DSF9879-2-800x534.jpg\" alt=\"\" width=\"696\" height=\"465\" srcset=\"https:\/\/www.pfarregersthof.at\/komm\/wp-content\/uploads\/2020\/12\/foto.mws_.at-20201213-_DSF9879-2-800x534.jpg 800w, https:\/\/www.pfarregersthof.at\/komm\/wp-content\/uploads\/2020\/12\/foto.mws_.at-20201213-_DSF9879-2-300x200.jpg 300w, https:\/\/www.pfarregersthof.at\/komm\/wp-content\/uploads\/2020\/12\/foto.mws_.at-20201213-_DSF9879-2-150x100.jpg 150w, https:\/\/www.pfarregersthof.at\/komm\/wp-content\/uploads\/2020\/12\/foto.mws_.at-20201213-_DSF9879-2-768x512.jpg 768w, https:\/\/www.pfarregersthof.at\/komm\/wp-content\/uploads\/2020\/12\/foto.mws_.at-20201213-_DSF9879-2-696x464.jpg 696w, https:\/\/www.pfarregersthof.at\/komm\/wp-content\/uploads\/2020\/12\/foto.mws_.at-20201213-_DSF9879-2-630x420.jpg 630w, https:\/\/www.pfarregersthof.at\/komm\/wp-content\/uploads\/2020\/12\/foto.mws_.at-20201213-_DSF9879-2.jpg 1000w\" sizes=\"auto, (max-width: 696px) 100vw, 696px\" \/><\/a><\/p>\n<p>Bei diesem Gottesdienst sa\u00dfen auf allen nach den Coronavirus-Beschr\u00e4nkungen in der Pfarrkirche m\u00f6glichen Pl\u00e4tze Mitfeierende.&nbsp; &nbsp; &nbsp; &nbsp; &nbsp; &nbsp; &nbsp; &nbsp; &nbsp; &nbsp; &nbsp; &nbsp; &nbsp; &nbsp; &nbsp; &nbsp; &nbsp; &nbsp; &nbsp; &nbsp; <sub>(Fotos: Michael Steidl)<\/sub><a href=\"https:\/\/www.pfarregersthof.at\/komm\/wp-content\/uploads\/2020\/12\/foto.mws_.at-20201213-_DSF9886.jpg\"><br><img loading=\"lazy\" decoding=\"async\" class=\"alignleft size-large wp-image-8277\" src=\"https:\/\/www.pfarregersthof.at\/komm\/wp-content\/uploads\/2020\/12\/foto.mws_.at-20201213-_DSF9886-800x534.jpg\" alt=\"\" width=\"696\" height=\"465\" srcset=\"https:\/\/www.pfarregersthof.at\/komm\/wp-content\/uploads\/2020\/12\/foto.mws_.at-20201213-_DSF9886-800x534.jpg 800w, https:\/\/www.pfarregersthof.at\/komm\/wp-content\/uploads\/2020\/12\/foto.mws_.at-20201213-_DSF9886-300x200.jpg 300w, https:\/\/www.pfarregersthof.at\/komm\/wp-content\/uploads\/2020\/12\/foto.mws_.at-20201213-_DSF9886-150x100.jpg 150w, https:\/\/www.pfarregersthof.at\/komm\/wp-content\/uploads\/2020\/12\/foto.mws_.at-20201213-_DSF9886-768x512.jpg 768w, https:\/\/www.pfarregersthof.at\/komm\/wp-content\/uploads\/2020\/12\/foto.mws_.at-20201213-_DSF9886-696x464.jpg 696w, https:\/\/www.pfarregersthof.at\/komm\/wp-content\/uploads\/2020\/12\/foto.mws_.at-20201213-_DSF9886-630x420.jpg 630w, https:\/\/www.pfarregersthof.at\/komm\/wp-content\/uploads\/2020\/12\/foto.mws_.at-20201213-_DSF9886.jpg 1000w\" sizes=\"auto, (max-width: 696px) 100vw, 696px\" \/><\/a><\/p>\n<p>&nbsp;<\/p>\n","protected":false},"excerpt":{"rendered":"<p>Der 10-Uhr-Gemeindegottesdienst am Gaudete-Adventsonntag, 13.12., war auch heuer von der Weihnachtspaketaktion der Pfarre Gersthof gepr\u00e4gt. Vorsteher des Gottesdienstes war wieder der Leiter der Wiener und \u00f6sterreichischen Caritas, Michael Landau, mit ihm zelebrierte Pfarrer P. Arkadiusz Zakreta. &nbsp; &nbsp; &nbsp; Die Leiterin des Gersthofer Caritasteams, Maria Kissich, gab einen \u00dcberblick zur 20. Paketaktion: f\u00fcr 242 Wunschzettel, [&hellip;]<\/p>\n","protected":false},"author":2,"featured_media":8282,"comment_status":"closed","ping_status":"closed","sticky":false,"template":"","format":"standard","meta":{"ngg_post_thumbnail":0,"footnotes":""},"categories":[7],"tags":[],"class_list":{"0":"post-8273","1":"post","2":"type-post","3":"status-publish","4":"format-standard","5":"has-post-thumbnail","7":"category-archiv"},"publishpress_future_action":{"enabled":false,"date":"2026-05-08 18:25:45","action":"category","newStatus":"draft","terms":[],"taxonomy":"category","extraData":[]},"publishpress_future_workflow_manual_trigger":{"enabledWorkflows":[]},"_links":{"self":[{"href":"https:\/\/www.pfarregersthof.at\/komm\/wp-json\/wp\/v2\/posts\/8273","targetHints":{"allow":["GET"]}}],"collection":[{"href":"https:\/\/www.pfarregersthof.at\/komm\/wp-json\/wp\/v2\/posts"}],"about":[{"href":"https:\/\/www.pfarregersthof.at\/komm\/wp-json\/wp\/v2\/types\/post"}],"author":[{"embeddable":true,"href":"https:\/\/www.pfarregersthof.at\/komm\/wp-json\/wp\/v2\/users\/2"}],"replies":[{"embeddable":true,"href":"https:\/\/www.pfarregersthof.at\/komm\/wp-json\/wp\/v2\/comments?post=8273"}],"version-history":[{"count":12,"href":"https:\/\/www.pfarregersthof.at\/komm\/wp-json\/wp\/v2\/posts\/8273\/revisions"}],"predecessor-version":[{"id":8292,"href":"https:\/\/www.pfarregersthof.at\/komm\/wp-json\/wp\/v2\/posts\/8273\/revisions\/8292"}],"wp:featuredmedia":[{"embeddable":true,"href":"https:\/\/www.pfarregersthof.at\/komm\/wp-json\/wp\/v2\/media\/8282"}],"wp:attachment":[{"href":"https:\/\/www.pfarregersthof.at\/komm\/wp-json\/wp\/v2\/media?parent=8273"}],"wp:term":[{"taxonomy":"category","embeddable":true,"href":"https:\/\/www.pfarregersthof.at\/komm\/wp-json\/wp\/v2\/categories?post=8273"},{"taxonomy":"post_tag","embeddable":true,"href":"https:\/\/www.pfarregersthof.at\/komm\/wp-json\/wp\/v2\/tags?post=8273"}],"curies":[{"name":"wp","href":"https:\/\/api.w.org\/{rel}","templated":true}]}}