{"id":8339,"date":"2020-12-17T12:10:04","date_gmt":"2020-12-17T11:10:04","guid":{"rendered":"https:\/\/www.pfarregersthof.at\/komm\/?p=8339"},"modified":"2021-01-03T16:33:51","modified_gmt":"2021-01-03T15:33:51","slug":"danke-rektor-heinrich","status":"publish","type":"post","link":"https:\/\/www.pfarregersthof.at\/komm\/2020\/12\/danke-rektor-heinrich\/","title":{"rendered":"Danke, Rektor Heinrich"},"content":{"rendered":"\n<figure id=\"attachment_8243\" aria-describedby=\"caption-attachment-8243\" style=\"width: 300px\" class=\"wp-caption alignright\"><a href=\"https:\/\/www.pfarregersthof.at\/komm\/wp-content\/uploads\/2020\/12\/Pokorny-Heinrich.jpg\"><img loading=\"lazy\" decoding=\"async\" class=\"wp-image-8243 size-medium\" src=\"https:\/\/www.pfarregersthof.at\/komm\/wp-content\/uploads\/2020\/12\/Pokorny-Heinrich-300x300.jpg\" alt=\"\" width=\"300\" height=\"300\" srcset=\"https:\/\/www.pfarregersthof.at\/komm\/wp-content\/uploads\/2020\/12\/Pokorny-Heinrich-300x300.jpg 300w, https:\/\/www.pfarregersthof.at\/komm\/wp-content\/uploads\/2020\/12\/Pokorny-Heinrich-150x150.jpg 150w, https:\/\/www.pfarregersthof.at\/komm\/wp-content\/uploads\/2020\/12\/Pokorny-Heinrich-420x420.jpg 420w, https:\/\/www.pfarregersthof.at\/komm\/wp-content\/uploads\/2020\/12\/Pokorny-Heinrich.jpg 500w\" sizes=\"auto, (max-width: 300px) 100vw, 300px\" \/><\/a><figcaption id=\"caption-attachment-8243\" class=\"wp-caption-text\">&#8222;Du, den Jesus Vater nennt, bist es, auf den es in allem ankommt, nicht &#8218;etwas&#8216;, kein beliebig &#8218;Auswechselbares&#8216;, sondern Du!&#8220; &#8211; Heinrich Pokorny, August 2006<\/figcaption><\/figure>\n<p>Am 11. Dezember 2020 ist Heinrich Pokorny, Priester der Alt-Gersthofer Gemeinde an der Johannes-Nepomuk-Kapelle, in Wien nach kurzer schwerer Krankheit verstorben.<\/p>\n<p>1935 geboren, verbrachte er seine Jugendzeit im 19. Bezirk und war in der Pfarrjugend von St. Paul aktiv. 1960 wurde er zum Priester geweiht, war zuerst in Gloggnitz und dann in Pfarren in Wien Kaplan. Anschlie\u00dfend wurde er Domkurat in der Propsteipfarre von Wiener Neustadt. Schlie\u00dflich lebte er in der Katholischen Integrierten Gemeinde in M\u00fcnchen und unterrichtete an einem Gymnasium.&nbsp;<\/p>\n<p>1984 kehrte er nach Wien zur\u00fcck und wurde Kaplan in der Pfarre Gersthof. Dort wuchs ihm die Johannes-Nepomuk-Kapelle und ihre Gemeinde besonders ans Herz. Bis zuletzt hat er sie als Kirchenrektor betreut und mit ihnen Gottesdienste gefeiert.<\/p>\n<p>Aufgrund der derzeitigen Verordnungen zum Coronavirus wird die Beerdigung im kleinen Rahmen am Neustifter Friedhof stattfinden. (Das Grab ist in Gruppe 1, Reihe 16, Nr. 26)<\/p>\n<p>Ein Auferstehungsgottesdienst wird an seinem Geburtstag, Sonntag, 30. Mai 2021, um 11:30 Uhr in gr\u00f6\u00dferem Rahmen in der Pfarrkirche Weinhaus (Gentzgasse 142) gefeiert werden.<\/p>\n<p>Im Namen der Pfarre Gersthof und der Gemeinde der Johannes-Nepomuk-Kapelle danken f\u00fcr die Anteilnahme<br><span style=\"color: #3366ff;\"><em>Pfarrer P. Dr. Arkadiusz Zakreta<\/em> <\/span>und <span style=\"color: #3366ff;\"><em>Pfarrer i.R. Dr. Norbert Rodt<\/em><\/span><\/p>\n<p>&nbsp;<\/p>\n","protected":false},"excerpt":{"rendered":"<p>Am 11. Dezember 2020 ist Heinrich Pokorny, Priester der Alt-Gersthofer Gemeinde an der Johannes-Nepomuk-Kapelle, in Wien nach kurzer schwerer Krankheit verstorben. 1935 geboren, verbrachte er seine Jugendzeit im 19. Bezirk und war in der Pfarrjugend von St. Paul aktiv. 1960 wurde er zum Priester geweiht, war zuerst in Gloggnitz und dann in Pfarren in Wien [&hellip;]<\/p>\n","protected":false},"author":2,"featured_media":0,"comment_status":"closed","ping_status":"closed","sticky":false,"template":"","format":"standard","meta":{"ngg_post_thumbnail":0,"footnotes":""},"categories":[7],"tags":[],"class_list":{"0":"post-8339","1":"post","2":"type-post","3":"status-publish","4":"format-standard","6":"category-archiv"},"publishpress_future_action":{"enabled":false,"date":"2026-05-08 18:26:30","action":"category","newStatus":"draft","terms":[],"taxonomy":"category","extraData":[]},"publishpress_future_workflow_manual_trigger":{"enabledWorkflows":[]},"_links":{"self":[{"href":"https:\/\/www.pfarregersthof.at\/komm\/wp-json\/wp\/v2\/posts\/8339","targetHints":{"allow":["GET"]}}],"collection":[{"href":"https:\/\/www.pfarregersthof.at\/komm\/wp-json\/wp\/v2\/posts"}],"about":[{"href":"https:\/\/www.pfarregersthof.at\/komm\/wp-json\/wp\/v2\/types\/post"}],"author":[{"embeddable":true,"href":"https:\/\/www.pfarregersthof.at\/komm\/wp-json\/wp\/v2\/users\/2"}],"replies":[{"embeddable":true,"href":"https:\/\/www.pfarregersthof.at\/komm\/wp-json\/wp\/v2\/comments?post=8339"}],"version-history":[{"count":2,"href":"https:\/\/www.pfarregersthof.at\/komm\/wp-json\/wp\/v2\/posts\/8339\/revisions"}],"predecessor-version":[{"id":8341,"href":"https:\/\/www.pfarregersthof.at\/komm\/wp-json\/wp\/v2\/posts\/8339\/revisions\/8341"}],"wp:attachment":[{"href":"https:\/\/www.pfarregersthof.at\/komm\/wp-json\/wp\/v2\/media?parent=8339"}],"wp:term":[{"taxonomy":"category","embeddable":true,"href":"https:\/\/www.pfarregersthof.at\/komm\/wp-json\/wp\/v2\/categories?post=8339"},{"taxonomy":"post_tag","embeddable":true,"href":"https:\/\/www.pfarregersthof.at\/komm\/wp-json\/wp\/v2\/tags?post=8339"}],"curies":[{"name":"wp","href":"https:\/\/api.w.org\/{rel}","templated":true}]}}