{"id":8366,"date":"2021-01-16T12:01:55","date_gmt":"2021-01-16T11:01:55","guid":{"rendered":"https:\/\/www.pfarregersthof.at\/komm\/?p=8366"},"modified":"2021-02-04T13:45:26","modified_gmt":"2021-02-04T12:45:26","slug":"gemeindeleben-im-3-coronavirus-lockdown-28-12-17-1","status":"publish","type":"post","link":"https:\/\/www.pfarregersthof.at\/komm\/2021\/01\/gemeindeleben-im-3-coronavirus-lockdown-28-12-17-1\/","title":{"rendered":"Gemeindeleben im 3. Coronavirus-Lockdown (bis 7.2. verl\u00e4ngert!)"},"content":{"rendered":"\n<p>Liebe Gersthoferinnen und Gersthofer,<br>Im November hat es den zweiten &#8222;strengen&#8220; Coronavirus-Lockdown gegeben. Anfang Dezember wurde er gelockert, aber ab 26.12. hat die Regierung einen dritten &#8222;strengen&#8220; Lockdown festgelegt. Die katholische Kirche folgt dem weitgehend,&nbsp; seit<strong> dem 28.12.2020 und vorerst bis zum 7.2.2021 werden keine Gottesdienste die f\u00fcr alle offen sind gefeiert \u2013 auch in Gersthof.<\/strong><\/p>\n<p><em>\u00dcbertragungen von Gottesdiensten im Fernsehen oder via Internet<\/em> stehen an vielen Tagen zur Verf\u00fcgung, Konkretes ist auf dieser Seite der Erzdi\u00f6zese Wien zu finden.<br>Aus der Gemeinschaft der Lazaristen im 18. Bezirk wird&nbsp;<strong>ab dem 28.12.<\/strong> an jedem Tag der Woche ein Gottesdienst im Internet \u00fcbertragen: an Sonn- und Feiertagen um 10:00 Uhr und an Werktagen um 18:00 Uhr. Ausnahme: am Silvestertag, 31.12., wird ein Jahresschlussgottesdienst um 16:00 Uhr \u00fcbertragen &#8230;<br>\u2013 auf YouTube im&nbsp;<a href=\"https:\/\/www.youtube.com\/channel\/UCjomtEZjGo83lBtKWTn4ziw\" target=\"_blank\" rel=\"noopener noreferrer\">Kanal der Pfarre St. Severin<\/a><br>\u2013 auf&nbsp;<a href=\"https:\/\/m.facebook.com\/PolacyuSeweryna\/?sid=0.31053391774248695&amp;source=result\" target=\"_blank\" rel=\"noopener noreferrer\">Facebook<\/a><br>Anmerkung: f\u00fcr diese Gottesdienstes gilt die Regel, dass maximal 10 Personen gemeinsam feiern d\u00fcrfen. Alle diese Personen sind im Altarraum versammelt.<\/p>\n<p>Bitte n\u00fctzt die neuen&nbsp;<a href=\"https:\/\/www.pfarregersthof.at\/komm\/termine\/aktuelle\/\">Aktuellen Termine<\/a>, die oberste Zeile eines Sonn- und Feiertags ist oft anklickbar und f\u00fchrt zu zus\u00e4tzlichen Informationen, z.B. (Bibel-)Texte zum Tag, Unterst\u00fctzung f\u00fcr Hauskirche oder das Feiern mit Kindern daheim.&nbsp;<\/p>\n<p><strong>Diese Regelungen gelten ab Montag, 28.12., vorerst bis Sonntag, 7.2.2021:<\/strong><\/p>\n<ul>\n<li>Keine Gottesdienste die f\u00fcr alle offen sind, an keinem Tag der Woche.<\/li>\n<li>Auch keine Andachten, Gebetstreffen oder \u00e4hnliches.<\/li>\n<li>Die Pfarrkirche ist jedoch w\u00e4hrend es Tages, 8:30 bis 18:00 Uhr, ge\u00f6ffnet: die Au\u00dfentore sind offen, die Glast\u00fcren bleiben geschlossen. Aber vor den Glast\u00fcren steht der Raum f\u00fcr Gebete zur Verf\u00fcgung.<\/li>\n<li>Begr\u00e4bnisse k\u00f6nnen begleitet werden. Es d\u00fcrfen daran maximal 50 Personen teilnehmen.<\/li>\n<li>Keine sonstigen f\u00fcr alle offenen Veranstaltungen in der Pfarre.<\/li>\n<li>Die seelsorgliche Betreuung von Kranken und Sterbenden bleibt aufrecht.<\/li>\n<li>Das&nbsp;<a href=\"https:\/\/www.pfarregersthof.at\/komm\/pfarre-von-a-z\/information\/kontakt-aufnehmen\/#pfarrsek\">Pfarrsekretariat<\/a> ist in Betrieb.&nbsp;<br>Es sind jedoch alle eingeladen, es nicht zu betreten, sondern \u00fcber Telefon \u2013 01\/479 22 92 \u2013 oder per E-Mail \u2013 <a href=\"mailto:sekretariat@pfarregersthof.at\">sekretariat@pfarregersthof.at<\/a>&nbsp;\u2013 Kontakt aufzunehmen.<\/li>\n<\/ul>\n<p>Wir sch\u00fctzen damit uns selbst und unsere Mitmenschen und erm\u00f6glichen Vielen die Teilnahme am Gersthofer Gemeindeleben!<\/p>\n<p><em>Web-Redakteur <span style=\"color: #3366ff;\">Michael Steidl<\/span> in Absprache mit <span style=\"color: #3366ff;\">Wolfgang Twaroch<\/span><\/em>&nbsp;vom Corona-Team<\/p>\n<p>Und falls Sie, oder jemand in Ihrer Umgebung, Hilfe braucht: <strong><span style=\"color: #800000;\">\u201eW\u00e4hring hilft\u201c<\/span><\/strong><br>Schon w\u00e4hrend des ersten Lock Down starteten junge W\u00e4hringer*innen in Kooperation mit unserer Pfarre und den Johannitern diese Aktion! Auch in dieser Phase sind wir bereit und bieten unsere Hilfe an! Wenn Sie Unterst\u00fctzung ben\u00f6tigen, dann helfen wir gerne. Wir sind erreichbar unter: 0680\/3184234 oder <a href=\"mailto:waehringhilft@gmail.com\">waehringhilft@gmail.com<\/a>. <br><span style=\"color: #3366ff;\"><em>Oliver M\u00f6llner<\/em><\/span> und Mitarbeiter*innen<\/p>\n","protected":false},"excerpt":{"rendered":"<p>Liebe Gersthoferinnen und Gersthofer,Im November hat es den zweiten &#8222;strengen&#8220; Coronavirus-Lockdown gegeben. Anfang Dezember wurde er gelockert, aber ab 26.12. hat die Regierung einen dritten &#8222;strengen&#8220; Lockdown festgelegt. Die katholische Kirche folgt dem weitgehend,&nbsp; seit dem 28.12.2020 und vorerst bis zum 7.2.2021 werden keine Gottesdienste die f\u00fcr alle offen sind gefeiert \u2013 auch in Gersthof. [&hellip;]<\/p>\n","protected":false},"author":2,"featured_media":0,"comment_status":"closed","ping_status":"closed","sticky":false,"template":"","format":"standard","meta":{"ngg_post_thumbnail":0,"footnotes":""},"categories":[7],"tags":[],"class_list":{"0":"post-8366","1":"post","2":"type-post","3":"status-publish","4":"format-standard","6":"category-archiv"},"publishpress_future_action":{"enabled":false,"date":"2026-05-10 14:06:17","action":"category","newStatus":"draft","terms":[],"taxonomy":"category","extraData":[]},"publishpress_future_workflow_manual_trigger":{"enabledWorkflows":[]},"_links":{"self":[{"href":"https:\/\/www.pfarregersthof.at\/komm\/wp-json\/wp\/v2\/posts\/8366","targetHints":{"allow":["GET"]}}],"collection":[{"href":"https:\/\/www.pfarregersthof.at\/komm\/wp-json\/wp\/v2\/posts"}],"about":[{"href":"https:\/\/www.pfarregersthof.at\/komm\/wp-json\/wp\/v2\/types\/post"}],"author":[{"embeddable":true,"href":"https:\/\/www.pfarregersthof.at\/komm\/wp-json\/wp\/v2\/users\/2"}],"replies":[{"embeddable":true,"href":"https:\/\/www.pfarregersthof.at\/komm\/wp-json\/wp\/v2\/comments?post=8366"}],"version-history":[{"count":5,"href":"https:\/\/www.pfarregersthof.at\/komm\/wp-json\/wp\/v2\/posts\/8366\/revisions"}],"predecessor-version":[{"id":8501,"href":"https:\/\/www.pfarregersthof.at\/komm\/wp-json\/wp\/v2\/posts\/8366\/revisions\/8501"}],"wp:attachment":[{"href":"https:\/\/www.pfarregersthof.at\/komm\/wp-json\/wp\/v2\/media?parent=8366"}],"wp:term":[{"taxonomy":"category","embeddable":true,"href":"https:\/\/www.pfarregersthof.at\/komm\/wp-json\/wp\/v2\/categories?post=8366"},{"taxonomy":"post_tag","embeddable":true,"href":"https:\/\/www.pfarregersthof.at\/komm\/wp-json\/wp\/v2\/tags?post=8366"}],"curies":[{"name":"wp","href":"https:\/\/api.w.org\/{rel}","templated":true}]}}