{"id":8379,"date":"2021-01-01T16:54:53","date_gmt":"2021-01-01T15:54:53","guid":{"rendered":"https:\/\/www.pfarregersthof.at\/komm\/?p=8379"},"modified":"2021-01-09T15:35:29","modified_gmt":"2021-01-09T14:35:29","slug":"die-sternsinger-kommen","status":"publish","type":"post","link":"https:\/\/www.pfarregersthof.at\/komm\/2021\/01\/die-sternsinger-kommen\/","title":{"rendered":"Die Sternsinger kommen &#8230;"},"content":{"rendered":"\n<p>Liebe Gersthofer und Gersthoferinnen,<\/p>\n\n\n\n<p><strong>die Sternsinger*innen sind von 3. bis 7. J\u00e4nner 2021 im Pfarrgebiet unterwegs<\/strong> und sammeln Spenden f\u00fcr Menschen in Not. Falls Sie aufgrund der Corona-Pandemie heuer keinen tats\u00e4chlichen k\u00f6niglichen Besuch empfangen m\u00f6chten, k\u00f6nnen Sie die Gersthofer Sternsinger*innen am 6.1. \u00fcber Video zu sich nach Hause holen! Melden Sie sich <a rel=\"noreferrer noopener\" href=\"https:\/\/forms.gle\/JJqgXkrQWxCUPZdLA\" target=\"_blank\">hier f\u00fcr Ihren ersten online-Sternsingerbesuch an<\/a><\/p>\n\n\n\n<p>Wenn Sie lieber zeitlich unabh\u00e4ngig den Sternsinger*innen online die T\u00fcre \u00f6ffnen m\u00f6chten, dann freuen Sie sich \u00fcber einen Besuch unserer Gersthofer Sternsinger*innen in diesem Video:<\/p>\n\n\n\n<figure class=\"wp-block-embed is-type-video is-provider-youtube wp-block-embed-youtube wp-embed-aspect-16-9 wp-has-aspect-ratio\"><div class=\"wp-block-embed__wrapper\">\n<iframe loading=\"lazy\" title=\"BesuchDerSternsingerInnen2021\" width=\"696\" height=\"392\" src=\"https:\/\/www.youtube.com\/embed\/e0fiOw-QS9c?feature=oembed\" frameborder=\"0\" allow=\"accelerometer; autoplay; clipboard-write; encrypted-media; gyroscope; picture-in-picture\" allowfullscreen><\/iframe>\n<\/div><\/figure>\n\n\n\n<p>Spenden k\u00f6nnen Sie jederzeit auch online oder per Erlagschein:<\/p>\n<p>Empf\u00e4nger: Dreik\u00f6nigsaktion \u00d6sterreich<br>IBAN: AT23 6000 0000 9300 0330 (Konto bei BAWAG\/PSK)<\/p>\n<p>und von 3. bis 7. J\u00e4nner 2021 t\u00e4glich von 10 bis 16 Uhr auch im Gemeindezentrum der Pfarre (Bastiengasse 18) kontaktlos \u00fcber einen dort aufgestellten h\u00f6lzernen Opferstock.<\/p>\n<p>Ihre Spende unterst\u00fctzt gerade in Zeiten der Corona-Krise \u00fcber eine Million Menschen in 500 Projekten dabei, ein selbstbestimmtes Leben zu f\u00fchren. Ihre Solidarit\u00e4t schenkt Menschen in Not neue Lebenschancen. Danke vielmals f\u00fcr Ihre Unterst\u00fctzung!<\/p>\n<p>F\u00fcr die Dreik\u00f6nigsaktion in Gersthof<br><span style=\"color: #3366ff;\"><em>Monika Gamillscheg, Flo Wenig und Hemma Gamillscheg<\/em><\/span><\/p>\n","protected":false},"excerpt":{"rendered":"<p>Liebe Gersthofer und Gersthoferinnen, die Sternsinger*innen sind von 3. bis 7. J\u00e4nner 2021 im Pfarrgebiet unterwegs und sammeln Spenden f\u00fcr Menschen in Not. Falls Sie aufgrund der Corona-Pandemie heuer keinen tats\u00e4chlichen k\u00f6niglichen Besuch empfangen m\u00f6chten, k\u00f6nnen Sie die Gersthofer Sternsinger*innen am 6.1. \u00fcber Video zu sich nach Hause holen! Melden Sie sich hier f\u00fcr Ihren [&hellip;]<\/p>\n","protected":false},"author":2,"featured_media":8380,"comment_status":"closed","ping_status":"closed","sticky":false,"template":"","format":"standard","meta":{"ngg_post_thumbnail":0,"footnotes":""},"categories":[7],"tags":[],"class_list":{"0":"post-8379","1":"post","2":"type-post","3":"status-publish","4":"format-standard","5":"has-post-thumbnail","7":"category-archiv"},"publishpress_future_action":{"enabled":false,"date":"2026-05-10 14:08:10","action":"category","newStatus":"draft","terms":[],"taxonomy":"category","extraData":[]},"publishpress_future_workflow_manual_trigger":{"enabledWorkflows":[]},"_links":{"self":[{"href":"https:\/\/www.pfarregersthof.at\/komm\/wp-json\/wp\/v2\/posts\/8379","targetHints":{"allow":["GET"]}}],"collection":[{"href":"https:\/\/www.pfarregersthof.at\/komm\/wp-json\/wp\/v2\/posts"}],"about":[{"href":"https:\/\/www.pfarregersthof.at\/komm\/wp-json\/wp\/v2\/types\/post"}],"author":[{"embeddable":true,"href":"https:\/\/www.pfarregersthof.at\/komm\/wp-json\/wp\/v2\/users\/2"}],"replies":[{"embeddable":true,"href":"https:\/\/www.pfarregersthof.at\/komm\/wp-json\/wp\/v2\/comments?post=8379"}],"version-history":[{"count":2,"href":"https:\/\/www.pfarregersthof.at\/komm\/wp-json\/wp\/v2\/posts\/8379\/revisions"}],"predecessor-version":[{"id":8382,"href":"https:\/\/www.pfarregersthof.at\/komm\/wp-json\/wp\/v2\/posts\/8379\/revisions\/8382"}],"wp:featuredmedia":[{"embeddable":true,"href":"https:\/\/www.pfarregersthof.at\/komm\/wp-json\/wp\/v2\/media\/8380"}],"wp:attachment":[{"href":"https:\/\/www.pfarregersthof.at\/komm\/wp-json\/wp\/v2\/media?parent=8379"}],"wp:term":[{"taxonomy":"category","embeddable":true,"href":"https:\/\/www.pfarregersthof.at\/komm\/wp-json\/wp\/v2\/categories?post=8379"},{"taxonomy":"post_tag","embeddable":true,"href":"https:\/\/www.pfarregersthof.at\/komm\/wp-json\/wp\/v2\/tags?post=8379"}],"curies":[{"name":"wp","href":"https:\/\/api.w.org\/{rel}","templated":true}]}}