{"id":8383,"date":"2021-01-03T17:14:18","date_gmt":"2021-01-03T16:14:18","guid":{"rendered":"https:\/\/www.pfarregersthof.at\/komm\/?p=8383"},"modified":"2021-01-16T14:30:49","modified_gmt":"2021-01-16T13:30:49","slug":"danke-hermann-lanmueller","status":"publish","type":"post","link":"https:\/\/www.pfarregersthof.at\/komm\/2021\/01\/danke-hermann-lanmueller\/","title":{"rendered":"Danke, Hermann Lanm\u00fcller"},"content":{"rendered":"\n<p>Ing. Hermann Lanm\u00fcller ist am 23.12.2020 unerwartet im 90. Lebensjahr verstorben.<\/p>\n<figure id=\"attachment_8385\" aria-describedby=\"caption-attachment-8385\" style=\"width: 232px\" class=\"wp-caption alignleft\"><a href=\"https:\/\/www.pfarregersthof.at\/komm\/wp-content\/uploads\/2021\/01\/hermann-lanmueller_2001a.jpg\"><img loading=\"lazy\" decoding=\"async\" class=\"wp-image-8385 size-medium\" src=\"https:\/\/www.pfarregersthof.at\/komm\/wp-content\/uploads\/2021\/01\/hermann-lanmueller_2001a-232x300.jpg\" alt=\"\" width=\"232\" height=\"300\" srcset=\"https:\/\/www.pfarregersthof.at\/komm\/wp-content\/uploads\/2021\/01\/hermann-lanmueller_2001a-232x300.jpg 232w, https:\/\/www.pfarregersthof.at\/komm\/wp-content\/uploads\/2021\/01\/hermann-lanmueller_2001a-620x800.jpg 620w, https:\/\/www.pfarregersthof.at\/komm\/wp-content\/uploads\/2021\/01\/hermann-lanmueller_2001a-116x150.jpg 116w, https:\/\/www.pfarregersthof.at\/komm\/wp-content\/uploads\/2021\/01\/hermann-lanmueller_2001a-768x991.jpg 768w, https:\/\/www.pfarregersthof.at\/komm\/wp-content\/uploads\/2021\/01\/hermann-lanmueller_2001a-696x898.jpg 696w, https:\/\/www.pfarregersthof.at\/komm\/wp-content\/uploads\/2021\/01\/hermann-lanmueller_2001a-325x420.jpg 325w, https:\/\/www.pfarregersthof.at\/komm\/wp-content\/uploads\/2021\/01\/hermann-lanmueller_2001a.jpg 932w\" sizes=\"auto, (max-width: 232px) 100vw, 232px\" \/><\/a><figcaption id=\"caption-attachment-8385\" class=\"wp-caption-text\">Hermann Lanm\u00fcller, 2001<\/figcaption><\/figure>\n<p>Hermann &#8211; so war und ist er vielen bekannt &#8211; war Zeit seines Lebens mit der Pfarre Gersthof verbunden und hat viele Jahre aktiv an der Gestaltung und Erhaltung der Pfarrgemeinde mitgewirkt.&nbsp;<br>Unter Pfarrer Friedrich Glotz (1965 &#8211; 1976) wurde er zu einem der ersten Kommunionspender in der Erzdi\u00f6zese Wien bestellt, der nicht Priester oder Diakon war. Diesen Dienst hat er nicht nur bei den Gottesdiensten in der Pfarre, sondern viele Jahre auch im Orthop\u00e4dischen Spital Gersthof und im Evangelischen Krankenhaus ausge\u00fcbt. Kommunionspender blieb er bis ins hohe Alter, dies war ihm so wichtig, dass er vor jeder Messe in die Sakristei ging und nachschaute, ob Kommunionspender anwesend sind oder ob er einspringen sollte.<\/p>\n<p>Er wurde auch zum Mitglied des ersten Pfarrgemeinderates von Gersthof 1972 gew\u00e4hlt und war dessen Mitglied sowie Mitglied von dessen Vorstand \u00fcber viele Jahre.&nbsp;<\/p>\n<p>Ein weiteres gro\u00dfes Anliegen von Hermann Lanm\u00fcller war die \u00d6kumene, die Verbindung zu anderen christlichen Kirchen und auch zur j\u00fcdischen Glaubensgemeinschaft. Dies hat er aber auch mit kritischen Fragestellungen verbunden: warum sind die christlichen Kirchen so gar nicht bereit, einen gemeinsamen Weg zu gehen, wo sie doch an denselben Gott glauben. Er hat sich um den gemeinsamen Glauben auch im Alltag angenommen, viele Jahre war er im Evangelischen Krankenhaus auch in der Spitalsseelsorge aktiv.<\/p>\n<p>Hermann hat die Gabe gehabt, auf Menschen zuzugehen. Dies hat starke Bindungen gebracht und er war blieb ein gesch\u00e4tzter Mensch in der Pfarrgemeinde auch nachdem er verantwortliche T\u00e4tigkeiten aufgrund des Alters zur\u00fcckgelegt hatte. Viele vermissen ihn und trauern mit seiner Gattin Christl und seinen Kindern Andrea und Hermann.<\/p>\n<p>Sein Begr\u00e4bnis wird am Donnerstag, 7.1.2021, um 11 Uhr auf dem Gersthofer Friedhof sein &#8211; aufgrund des Lockdown sind jedoch nicht mehr als 50 Personen zugelassen. Wann ein Gedenkgottesdienst f\u00fcr ihn gefeiert werden kann, ist noch unklar, hier auf der Website werden wir dar\u00fcber informieren.<\/p>\n<p>Im Sinne von Hermann, m\u00f6ge f\u00fcr einen dieser Zwecke gespendet werden:<br>&#8211; Christen in Not (IBAN AT76 2011 1824 1397 6100)<br>&#8211; \u00c4rzte ohne Grenzen (IBAN AT43 2011 1289 2684 7600)<\/p>\n<p>In Dankbarkeit,<br><span style=\"color: #3366ff;\"><em>Maria und Norbert Mayr, Hermann Dorninger und Michael Steidl<\/em><\/span><\/p>\n<p>&nbsp;<\/p>\n","protected":false},"excerpt":{"rendered":"<p>Ing. Hermann Lanm\u00fcller ist am 23.12.2020 unerwartet im 90. Lebensjahr verstorben. Hermann &#8211; so war und ist er vielen bekannt &#8211; war Zeit seines Lebens mit der Pfarre Gersthof verbunden und hat viele Jahre aktiv an der Gestaltung und Erhaltung der Pfarrgemeinde mitgewirkt.&nbsp;Unter Pfarrer Friedrich Glotz (1965 &#8211; 1976) wurde er zu einem der ersten [&hellip;]<\/p>\n","protected":false},"author":2,"featured_media":0,"comment_status":"closed","ping_status":"closed","sticky":false,"template":"","format":"standard","meta":{"ngg_post_thumbnail":0,"footnotes":""},"categories":[5],"tags":[],"class_list":{"0":"post-8383","1":"post","2":"type-post","3":"status-publish","4":"format-standard","6":"category-was-gewesen-ist"},"publishpress_future_action":{"enabled":false,"date":"2026-05-10 14:07:13","action":"category","newStatus":"draft","terms":[],"taxonomy":"category","extraData":[]},"publishpress_future_workflow_manual_trigger":{"enabledWorkflows":[]},"_links":{"self":[{"href":"https:\/\/www.pfarregersthof.at\/komm\/wp-json\/wp\/v2\/posts\/8383","targetHints":{"allow":["GET"]}}],"collection":[{"href":"https:\/\/www.pfarregersthof.at\/komm\/wp-json\/wp\/v2\/posts"}],"about":[{"href":"https:\/\/www.pfarregersthof.at\/komm\/wp-json\/wp\/v2\/types\/post"}],"author":[{"embeddable":true,"href":"https:\/\/www.pfarregersthof.at\/komm\/wp-json\/wp\/v2\/users\/2"}],"replies":[{"embeddable":true,"href":"https:\/\/www.pfarregersthof.at\/komm\/wp-json\/wp\/v2\/comments?post=8383"}],"version-history":[{"count":3,"href":"https:\/\/www.pfarregersthof.at\/komm\/wp-json\/wp\/v2\/posts\/8383\/revisions"}],"predecessor-version":[{"id":8388,"href":"https:\/\/www.pfarregersthof.at\/komm\/wp-json\/wp\/v2\/posts\/8383\/revisions\/8388"}],"wp:attachment":[{"href":"https:\/\/www.pfarregersthof.at\/komm\/wp-json\/wp\/v2\/media?parent=8383"}],"wp:term":[{"taxonomy":"category","embeddable":true,"href":"https:\/\/www.pfarregersthof.at\/komm\/wp-json\/wp\/v2\/categories?post=8383"},{"taxonomy":"post_tag","embeddable":true,"href":"https:\/\/www.pfarregersthof.at\/komm\/wp-json\/wp\/v2\/tags?post=8383"}],"curies":[{"name":"wp","href":"https:\/\/api.w.org\/{rel}","templated":true}]}}