{"id":8410,"date":"2021-02-05T16:54:48","date_gmt":"2021-02-05T15:54:48","guid":{"rendered":"https:\/\/www.pfarregersthof.at\/komm\/?p=8410"},"modified":"2022-01-30T18:26:52","modified_gmt":"2022-01-30T17:26:52","slug":"offene-kirche-fuer-kinder-ihre-familien","status":"publish","type":"post","link":"https:\/\/www.pfarregersthof.at\/komm\/2021\/02\/offene-kirche-fuer-kinder-ihre-familien\/","title":{"rendered":"Offene Kirche f\u00fcr Kinder, ihre Familien (weiterhin) &#8230;"},"content":{"rendered":"\n<p><strong>Freitags um 16.00 &#8211; 17.30 Uhr offene Kirche<\/strong> f\u00fcr Familien und alle, die gerne kommen m\u00f6chten.<\/p>\n<p>\u201eFreitags in St. Leopold\u201c, unter diesem Leitgedanken habe ich im Advent mit Hilfe von unserer Kindergartenleiterin Hanni und Hemma Gamillscheg begonnen, f\u00fcr Familien die Kirche zu \u00f6ffnen und entsprechende Angebote zur Glaubensvertiefung zu setzen. Dieses m\u00f6chte ich nun, bis Ostern fortsetzen, in der Hoffnung, dass es wieder von vielen angenommen wird.<\/p>\n<ul>\n<li>Freitag, 12. Februar, \u201eNur ein Lachen kann uns Menschen gl\u00fccklich machen \u2026\u201c<\/li>\n<li>Freitag, 19. Februar, \u201eVom Gl\u00fccklich sein \u2026\u201c<\/li>\n<\/ul>\n<p>Ich freue mich auf Sie!<br><em><span style=\"color: #3366ff;\">Gerda WInner<\/span>, Pastoralassistentin<\/em><\/p>\n","protected":false},"excerpt":{"rendered":"<p>Freitags um 16.00 &#8211; 17.30 Uhr offene Kirche f\u00fcr Familien und alle, die gerne kommen m\u00f6chten. \u201eFreitags in St. Leopold\u201c, unter diesem Leitgedanken habe ich im Advent mit Hilfe von unserer Kindergartenleiterin Hanni und Hemma Gamillscheg begonnen, f\u00fcr Familien die Kirche zu \u00f6ffnen und entsprechende Angebote zur Glaubensvertiefung zu setzen. Dieses m\u00f6chte ich nun, bis [&hellip;]<\/p>\n","protected":false},"author":2,"featured_media":0,"comment_status":"closed","ping_status":"closed","sticky":false,"template":"","format":"standard","meta":{"ngg_post_thumbnail":0,"footnotes":""},"categories":[7],"tags":[],"class_list":{"0":"post-8410","1":"post","2":"type-post","3":"status-publish","4":"format-standard","6":"category-archiv"},"publishpress_future_action":{"enabled":false,"date":"2026-05-08 15:30:51","action":"category","newStatus":"draft","terms":[],"taxonomy":"category","extraData":[]},"publishpress_future_workflow_manual_trigger":{"enabledWorkflows":[]},"_links":{"self":[{"href":"https:\/\/www.pfarregersthof.at\/komm\/wp-json\/wp\/v2\/posts\/8410","targetHints":{"allow":["GET"]}}],"collection":[{"href":"https:\/\/www.pfarregersthof.at\/komm\/wp-json\/wp\/v2\/posts"}],"about":[{"href":"https:\/\/www.pfarregersthof.at\/komm\/wp-json\/wp\/v2\/types\/post"}],"author":[{"embeddable":true,"href":"https:\/\/www.pfarregersthof.at\/komm\/wp-json\/wp\/v2\/users\/2"}],"replies":[{"embeddable":true,"href":"https:\/\/www.pfarregersthof.at\/komm\/wp-json\/wp\/v2\/comments?post=8410"}],"version-history":[{"count":3,"href":"https:\/\/www.pfarregersthof.at\/komm\/wp-json\/wp\/v2\/posts\/8410\/revisions"}],"predecessor-version":[{"id":8571,"href":"https:\/\/www.pfarregersthof.at\/komm\/wp-json\/wp\/v2\/posts\/8410\/revisions\/8571"}],"wp:attachment":[{"href":"https:\/\/www.pfarregersthof.at\/komm\/wp-json\/wp\/v2\/media?parent=8410"}],"wp:term":[{"taxonomy":"category","embeddable":true,"href":"https:\/\/www.pfarregersthof.at\/komm\/wp-json\/wp\/v2\/categories?post=8410"},{"taxonomy":"post_tag","embeddable":true,"href":"https:\/\/www.pfarregersthof.at\/komm\/wp-json\/wp\/v2\/tags?post=8410"}],"curies":[{"name":"wp","href":"https:\/\/api.w.org\/{rel}","templated":true}]}}