{"id":8427,"date":"2021-01-09T15:34:28","date_gmt":"2021-01-09T14:34:28","guid":{"rendered":"https:\/\/www.pfarregersthof.at\/komm\/?p=8427"},"modified":"2021-02-07T15:05:58","modified_gmt":"2021-02-07T14:05:58","slug":"die-sternsinger-waren-da","status":"publish","type":"post","link":"https:\/\/www.pfarregersthof.at\/komm\/2021\/01\/die-sternsinger-waren-da\/","title":{"rendered":"Die Sternsinger haben 31.616 EUR gesammelt &#8230;"},"content":{"rendered":"\n<p>&#8230; zwischen 3. und 7. J\u00e4nner. Aufgrund des Corona-Lockdowns waren die Begegnung nur mit der notwendigen Distanz m\u00f6glich und auch ohne Gesang.<\/p>\n\n\n\n<p><strong>Gro\u00dfartig <\/strong>war der Einsatz von 58 Kindern und Jugendlichen in 53 Gruppen, die von 22 Erwachsenen begleitet wurden! Gro\u00dfartig, weil sie alle Hygieneregeln genau einhalten mussten und trotzdem den Spa\u00df, das Lachen und die Motivation niemals verloren. Gro\u00dfartig war die Hilfe der zahlreichen Eltern, die t\u00e4glich Shuttledienste leisteten, um den Kindern mehr- und vielfache Eins\u00e4tze zu erm\u00f6glichen (gemeinsames Mittagessen war nicht erlaubt). <\/p>\n\n\n\n<p><strong>Gro\u00dfartig <\/strong>war das Engagement und die finanzielle Unterst\u00fctzung durch viele Menschen, sodass ein unerwartet gro\u00dfartiges <strong>Sammelergebnis in der H\u00f6he von 31.616,02 \u20ac <\/strong>erreicht und bereits an die Dreik\u00f6nigsaktion \u00fcberwiesen wurde, um die Welt gerechter zu machen und die existentielle Not in den Projektl\u00e4ndern zu lindern. Ein gro\u00dfartiges Miteinander unter einem gutem Stern!<\/p>\n\n\n\n<p>Gersthofer Sternsinger haben auch in diesem Video ihre Botschaft vermittelt:<\/p>\n\n\n\n<figure class=\"wp-block-embed is-type-video is-provider-youtube wp-block-embed-youtube wp-embed-aspect-16-9 wp-has-aspect-ratio\"><div class=\"wp-block-embed__wrapper\">\n<iframe loading=\"lazy\" title=\"BesuchDerSternsingerInnen2021\" width=\"696\" height=\"392\" src=\"https:\/\/www.youtube.com\/embed\/e0fiOw-QS9c?feature=oembed\" frameborder=\"0\" allow=\"accelerometer; autoplay; clipboard-write; encrypted-media; gyroscope; picture-in-picture\" allowfullscreen><\/iframe>\n<\/div><\/figure>\n\n\n\n<p>Danke vielmals f\u00fcr Ihre Unterst\u00fctzung!<\/p>\n\n\n\n<p>F\u00fcr die Dreik\u00f6nigsaktion in Gersthof<br><em><span style=\"color:#0693e3\" class=\"tadv-color\">Monika Gamillscheg, Flo Wenig und Hemma Gamillscheg<\/span><\/em><\/p>\n\n\n","protected":false},"excerpt":{"rendered":"<p>&#8230; zwischen 3. und 7. J\u00e4nner. Aufgrund des Corona-Lockdowns waren die Begegnung nur mit der notwendigen Distanz m\u00f6glich und auch ohne Gesang. Gro\u00dfartig war der Einsatz von 58 Kindern und Jugendlichen in 53 Gruppen, die von 22 Erwachsenen begleitet wurden! Gro\u00dfartig, weil sie alle Hygieneregeln genau einhalten mussten und trotzdem den Spa\u00df, das Lachen und [&hellip;]<\/p>\n","protected":false},"author":2,"featured_media":8380,"comment_status":"closed","ping_status":"closed","sticky":false,"template":"","format":"standard","meta":{"ngg_post_thumbnail":0,"footnotes":""},"categories":[5],"tags":[],"class_list":{"0":"post-8427","1":"post","2":"type-post","3":"status-publish","4":"format-standard","5":"has-post-thumbnail","7":"category-was-gewesen-ist"},"publishpress_future_action":{"enabled":false,"date":"2026-05-10 14:06:32","action":"category","newStatus":"draft","terms":[],"taxonomy":"category","extraData":[]},"publishpress_future_workflow_manual_trigger":{"enabledWorkflows":[]},"_links":{"self":[{"href":"https:\/\/www.pfarregersthof.at\/komm\/wp-json\/wp\/v2\/posts\/8427","targetHints":{"allow":["GET"]}}],"collection":[{"href":"https:\/\/www.pfarregersthof.at\/komm\/wp-json\/wp\/v2\/posts"}],"about":[{"href":"https:\/\/www.pfarregersthof.at\/komm\/wp-json\/wp\/v2\/types\/post"}],"author":[{"embeddable":true,"href":"https:\/\/www.pfarregersthof.at\/komm\/wp-json\/wp\/v2\/users\/2"}],"replies":[{"embeddable":true,"href":"https:\/\/www.pfarregersthof.at\/komm\/wp-json\/wp\/v2\/comments?post=8427"}],"version-history":[{"count":3,"href":"https:\/\/www.pfarregersthof.at\/komm\/wp-json\/wp\/v2\/posts\/8427\/revisions"}],"predecessor-version":[{"id":8459,"href":"https:\/\/www.pfarregersthof.at\/komm\/wp-json\/wp\/v2\/posts\/8427\/revisions\/8459"}],"wp:featuredmedia":[{"embeddable":true,"href":"https:\/\/www.pfarregersthof.at\/komm\/wp-json\/wp\/v2\/media\/8380"}],"wp:attachment":[{"href":"https:\/\/www.pfarregersthof.at\/komm\/wp-json\/wp\/v2\/media?parent=8427"}],"wp:term":[{"taxonomy":"category","embeddable":true,"href":"https:\/\/www.pfarregersthof.at\/komm\/wp-json\/wp\/v2\/categories?post=8427"},{"taxonomy":"post_tag","embeddable":true,"href":"https:\/\/www.pfarregersthof.at\/komm\/wp-json\/wp\/v2\/tags?post=8427"}],"curies":[{"name":"wp","href":"https:\/\/api.w.org\/{rel}","templated":true}]}}