{"id":8460,"date":"2021-01-16T14:47:17","date_gmt":"2021-01-16T13:47:17","guid":{"rendered":"https:\/\/www.pfarregersthof.at\/komm\/?p=8460"},"modified":"2021-01-25T18:23:51","modified_gmt":"2021-01-25T17:23:51","slug":"miteinander-beten-einheit-gestalten-21-1","status":"publish","type":"post","link":"https:\/\/www.pfarregersthof.at\/komm\/2021\/01\/miteinander-beten-einheit-gestalten-21-1\/","title":{"rendered":"Miteinander beten, Einheit gestalten (21.1.)"},"content":{"rendered":"\n<p>Wegen Corona ist ein neuer Weg notwendig, damit wir in geschwisterlicher Verbundenheit die <strong>\u00d6kumenische Andacht<\/strong> in der <strong>Gebetswoche f\u00fcr die Einheit der Christen 2021<\/strong> am <strong>Donnerstag, 21. J\u00e4nner, 19.00 Uhr,<\/strong> feiern k\u00f6nnen.<\/p>\n<p>Aus der Lutherkirche (1180 Martinstr. 23) wird die \u00d6kumenische Andacht in Form eines <a href=\"https:\/\/www.youtube.com\/watch?v=TKio4ExxgT4\" target=\"_blank\" rel=\"noopener\">Livestream<\/a> \u00fcbertragen, auch zum Nachh\u00f6ren. Mehr dazu auch auf der <a href=\"https:\/\/www.lutherkirche.at\">Website der Lutherkirche<\/a>.&nbsp; \u201eBleibt in meiner Liebe und ihr werdet reiche Frucht bringen\u201c (vgl. Joh 15,8-9).<\/p>\n<p>Anmerkung: Der geplante Festvortrag zur Gebetswoche mit Bischof Lederleitner am 26.1.2021 ist in Absprache mit dem Bischof auf n\u00e4chstes Jahr verschoben worden.<\/p>\n<p>In \u00f6kumenischer Verbundenheit freuen sich auf das gemeinsame Gebet<br><span style=\"color: #3366ff;\"><em>Pfrin Barbara Heyse-Schaefer<\/em><\/span> und <span style=\"color: #3366ff;\"><em>Heinrich Bica<\/em><\/span> (f\u00fcr Fragen: 0664 213 70 88)<br><br><\/p>\n","protected":false},"excerpt":{"rendered":"<p>Wegen Corona ist ein neuer Weg notwendig, damit wir in geschwisterlicher Verbundenheit die \u00d6kumenische Andacht in der Gebetswoche f\u00fcr die Einheit der Christen 2021 am Donnerstag, 21. J\u00e4nner, 19.00 Uhr, feiern k\u00f6nnen. Aus der Lutherkirche (1180 Martinstr. 23) wird die \u00d6kumenische Andacht in Form eines Livestream \u00fcbertragen, auch zum Nachh\u00f6ren. Mehr dazu auch auf der [&hellip;]<\/p>\n","protected":false},"author":2,"featured_media":0,"comment_status":"closed","ping_status":"closed","sticky":false,"template":"","format":"standard","meta":{"ngg_post_thumbnail":0,"footnotes":""},"categories":[7],"tags":[],"class_list":{"0":"post-8460","1":"post","2":"type-post","3":"status-publish","4":"format-standard","6":"category-archiv"},"publishpress_future_action":{"enabled":false,"date":"2026-05-10 14:14:47","action":"category","newStatus":"draft","terms":[],"taxonomy":"category","extraData":[]},"publishpress_future_workflow_manual_trigger":{"enabledWorkflows":[]},"_links":{"self":[{"href":"https:\/\/www.pfarregersthof.at\/komm\/wp-json\/wp\/v2\/posts\/8460","targetHints":{"allow":["GET"]}}],"collection":[{"href":"https:\/\/www.pfarregersthof.at\/komm\/wp-json\/wp\/v2\/posts"}],"about":[{"href":"https:\/\/www.pfarregersthof.at\/komm\/wp-json\/wp\/v2\/types\/post"}],"author":[{"embeddable":true,"href":"https:\/\/www.pfarregersthof.at\/komm\/wp-json\/wp\/v2\/users\/2"}],"replies":[{"embeddable":true,"href":"https:\/\/www.pfarregersthof.at\/komm\/wp-json\/wp\/v2\/comments?post=8460"}],"version-history":[{"count":1,"href":"https:\/\/www.pfarregersthof.at\/komm\/wp-json\/wp\/v2\/posts\/8460\/revisions"}],"predecessor-version":[{"id":8461,"href":"https:\/\/www.pfarregersthof.at\/komm\/wp-json\/wp\/v2\/posts\/8460\/revisions\/8461"}],"wp:attachment":[{"href":"https:\/\/www.pfarregersthof.at\/komm\/wp-json\/wp\/v2\/media?parent=8460"}],"wp:term":[{"taxonomy":"category","embeddable":true,"href":"https:\/\/www.pfarregersthof.at\/komm\/wp-json\/wp\/v2\/categories?post=8460"},{"taxonomy":"post_tag","embeddable":true,"href":"https:\/\/www.pfarregersthof.at\/komm\/wp-json\/wp\/v2\/tags?post=8460"}],"curies":[{"name":"wp","href":"https:\/\/api.w.org\/{rel}","templated":true}]}}