{"id":8462,"date":"2021-01-16T11:54:00","date_gmt":"2021-01-16T10:54:00","guid":{"rendered":"https:\/\/www.pfarregersthof.at\/komm\/?p=8462"},"modified":"2021-02-07T15:22:28","modified_gmt":"2021-02-07T14:22:28","slug":"gruesse-von-kaplan-suresh","status":"publish","type":"post","link":"https:\/\/www.pfarregersthof.at\/komm\/2021\/01\/gruesse-von-kaplan-suresh\/","title":{"rendered":"Gr\u00fc\u00dfe von &#8222;Kaplan&#8220; Suresh"},"content":{"rendered":"\n<p>Ich sende herzliche Gr\u00fc\u00dfe an die Pfarrgemeinde von Gersthof und m\u00f6chte Euch wissen lassen, dass mit 1. J\u00e4nner 2021 eine berufliche Ver\u00e4nderung f\u00fcr mich wirksam geworden ist und ich von Bischof Dr. Josef Marketz eine leitende seelsorgliche Aufgabe \u00fcbertragen bekommen habe. Ich wurde zum Provisor\/Pfarrer der Pfarren <a href=\"https:\/\/www.kath-kirche-kaernten.at\/pfarren\/pfarre\/C3006\" target=\"_blank\" rel=\"noopener\">Seeboden<\/a>, Lieseregg und Treffling der Di\u00f6zese Gurk in K\u00e4rnten bestellt.<\/p>\n<p>Auch weiterhin bin ich Euch freundschaftlich verbunden \u2013 und freue mich \u00fcber Kontaktaufnahme &#8211; 9871 Seeboden, Schulallee 8, <a href=\"mailto:frsuresh.remalli@gmail.com\">per E-Mail<\/a> oder per Telefon 0664\/ 88632606. Wenn es Euch wieder einmal m\u00f6glich ist, meine Patenkinder zu unterst\u00fctzen (Spende auf Konto AT86 1400 0024 1007 3032), freue ich mich sehr und danke Euch<br>Euer <span style=\"color: #3366ff;\"><em>\u201eKaplan Suresh\u201c<\/em><\/span><\/p>\n","protected":false},"excerpt":{"rendered":"<p>Ich sende herzliche Gr\u00fc\u00dfe an die Pfarrgemeinde von Gersthof und m\u00f6chte Euch wissen lassen, dass mit 1. J\u00e4nner 2021 eine berufliche Ver\u00e4nderung f\u00fcr mich wirksam geworden ist und ich von Bischof Dr. Josef Marketz eine leitende seelsorgliche Aufgabe \u00fcbertragen bekommen habe. Ich wurde zum Provisor\/Pfarrer der Pfarren Seeboden, Lieseregg und Treffling der Di\u00f6zese Gurk in [&hellip;]<\/p>\n","protected":false},"author":2,"featured_media":0,"comment_status":"closed","ping_status":"closed","sticky":false,"template":"","format":"standard","meta":{"ngg_post_thumbnail":0,"footnotes":""},"categories":[20],"tags":[],"class_list":{"0":"post-8462","1":"post","2":"type-post","3":"status-publish","4":"format-standard","6":"category-uebrigens"},"publishpress_future_action":{"enabled":false,"date":"2026-05-10 14:07:13","action":"category","newStatus":"draft","terms":[],"taxonomy":"category","extraData":[]},"publishpress_future_workflow_manual_trigger":{"enabledWorkflows":[]},"_links":{"self":[{"href":"https:\/\/www.pfarregersthof.at\/komm\/wp-json\/wp\/v2\/posts\/8462","targetHints":{"allow":["GET"]}}],"collection":[{"href":"https:\/\/www.pfarregersthof.at\/komm\/wp-json\/wp\/v2\/posts"}],"about":[{"href":"https:\/\/www.pfarregersthof.at\/komm\/wp-json\/wp\/v2\/types\/post"}],"author":[{"embeddable":true,"href":"https:\/\/www.pfarregersthof.at\/komm\/wp-json\/wp\/v2\/users\/2"}],"replies":[{"embeddable":true,"href":"https:\/\/www.pfarregersthof.at\/komm\/wp-json\/wp\/v2\/comments?post=8462"}],"version-history":[{"count":1,"href":"https:\/\/www.pfarregersthof.at\/komm\/wp-json\/wp\/v2\/posts\/8462\/revisions"}],"predecessor-version":[{"id":8463,"href":"https:\/\/www.pfarregersthof.at\/komm\/wp-json\/wp\/v2\/posts\/8462\/revisions\/8463"}],"wp:attachment":[{"href":"https:\/\/www.pfarregersthof.at\/komm\/wp-json\/wp\/v2\/media?parent=8462"}],"wp:term":[{"taxonomy":"category","embeddable":true,"href":"https:\/\/www.pfarregersthof.at\/komm\/wp-json\/wp\/v2\/categories?post=8462"},{"taxonomy":"post_tag","embeddable":true,"href":"https:\/\/www.pfarregersthof.at\/komm\/wp-json\/wp\/v2\/tags?post=8462"}],"curies":[{"name":"wp","href":"https:\/\/api.w.org\/{rel}","templated":true}]}}