{"id":8464,"date":"2021-01-16T14:58:05","date_gmt":"2021-01-16T13:58:05","guid":{"rendered":"https:\/\/www.pfarregersthof.at\/komm\/?p=8464"},"modified":"2021-01-16T14:58:06","modified_gmt":"2021-01-16T13:58:06","slug":"danke-fuer-die-spenden-zum-weihnachtsfest","status":"publish","type":"post","link":"https:\/\/www.pfarregersthof.at\/komm\/2021\/01\/danke-fuer-die-spenden-zum-weihnachtsfest\/","title":{"rendered":"Danke f\u00fcr die Spenden zum Weihnachtsfest"},"content":{"rendered":"\n<p>Bei den Feiern am Nachmittag des Heiligen Abends ergaben die Kollekten 693,82 EUR und diese wurden an diverse Caritasprojekte im Rahmen der Aktion \u201eSchenken mit Sinn\u201c \u00fcberwiesen &#8211; Syrien, Rum\u00e4nien, Corona \u2013 Nothilfe Pakete f\u00fcr Notsituationen f\u00fcr Menschen in \u00d6sterreich und Babypakete f\u00fcr einen guten Start f\u00fcr armutsbetroffene Familien in \u00d6sterreich.<\/p>\n<p>Die Kollekte der Mette ergab 786,39 EUR davon konnten wir das Bosnienprojekt von Annemarie Kury und ein Mutter\u2013Kind Haus unterst\u00fctzen.<\/p>\n<p>Herzlichen Dank allen SpenderInnen und Spendern! <br><span style=\"color: #3366ff;\"><em>Pfr. P. Arkadiusz<\/em><\/span><\/p>\n","protected":false},"excerpt":{"rendered":"<p>Bei den Feiern am Nachmittag des Heiligen Abends ergaben die Kollekten 693,82 EUR und diese wurden an diverse Caritasprojekte im Rahmen der Aktion \u201eSchenken mit Sinn\u201c \u00fcberwiesen &#8211; Syrien, Rum\u00e4nien, Corona \u2013 Nothilfe Pakete f\u00fcr Notsituationen f\u00fcr Menschen in \u00d6sterreich und Babypakete f\u00fcr einen guten Start f\u00fcr armutsbetroffene Familien in \u00d6sterreich. Die Kollekte der Mette [&hellip;]<\/p>\n","protected":false},"author":2,"featured_media":0,"comment_status":"closed","ping_status":"closed","sticky":false,"template":"","format":"standard","meta":{"ngg_post_thumbnail":0,"footnotes":""},"categories":[5],"tags":[],"class_list":{"0":"post-8464","1":"post","2":"type-post","3":"status-publish","4":"format-standard","6":"category-was-gewesen-ist"},"publishpress_future_action":{"enabled":false,"date":"2026-05-10 14:06:34","action":"category","newStatus":"draft","terms":[],"taxonomy":"category","extraData":[]},"publishpress_future_workflow_manual_trigger":{"enabledWorkflows":[]},"_links":{"self":[{"href":"https:\/\/www.pfarregersthof.at\/komm\/wp-json\/wp\/v2\/posts\/8464","targetHints":{"allow":["GET"]}}],"collection":[{"href":"https:\/\/www.pfarregersthof.at\/komm\/wp-json\/wp\/v2\/posts"}],"about":[{"href":"https:\/\/www.pfarregersthof.at\/komm\/wp-json\/wp\/v2\/types\/post"}],"author":[{"embeddable":true,"href":"https:\/\/www.pfarregersthof.at\/komm\/wp-json\/wp\/v2\/users\/2"}],"replies":[{"embeddable":true,"href":"https:\/\/www.pfarregersthof.at\/komm\/wp-json\/wp\/v2\/comments?post=8464"}],"version-history":[{"count":1,"href":"https:\/\/www.pfarregersthof.at\/komm\/wp-json\/wp\/v2\/posts\/8464\/revisions"}],"predecessor-version":[{"id":8465,"href":"https:\/\/www.pfarregersthof.at\/komm\/wp-json\/wp\/v2\/posts\/8464\/revisions\/8465"}],"wp:attachment":[{"href":"https:\/\/www.pfarregersthof.at\/komm\/wp-json\/wp\/v2\/media?parent=8464"}],"wp:term":[{"taxonomy":"category","embeddable":true,"href":"https:\/\/www.pfarregersthof.at\/komm\/wp-json\/wp\/v2\/categories?post=8464"},{"taxonomy":"post_tag","embeddable":true,"href":"https:\/\/www.pfarregersthof.at\/komm\/wp-json\/wp\/v2\/tags?post=8464"}],"curies":[{"name":"wp","href":"https:\/\/api.w.org\/{rel}","templated":true}]}}