{"id":8492,"date":"2021-01-25T18:35:16","date_gmt":"2021-01-25T17:35:16","guid":{"rendered":"https:\/\/www.pfarregersthof.at\/komm\/?p=8492"},"modified":"2021-03-07T13:52:52","modified_gmt":"2021-03-07T12:52:52","slug":"was-sich-in-der-firmvorbereitung-tut","status":"publish","type":"post","link":"https:\/\/www.pfarregersthof.at\/komm\/2021\/01\/was-sich-in-der-firmvorbereitung-tut\/","title":{"rendered":"Was sich in der Firmvorbereitung tut"},"content":{"rendered":"\n<p><br>Die Firmvorbereitung 2020\/21 stellt unsere 32 Firmkandidaten und die 12 Mitglieder des Firmteams vor bisher unbekannte Herausforderungen. Nach einem ersten gemeinsamen \u201eBabyelefanten\u201c-Treffen in der Pfarrkirche, wo das v\u00f6llig neu gestaltete Firmkonzept vorgestellt wurde, erfolgte die Aufteilung der Firmkandidaten in die 4 Firmgruppen, die jeweils von 2 Mitgliedern des Firmteams geleitet werden.<\/p>\n<p>Die jungen Menschen besch\u00e4ftigen sich in der Firmvorbereitung mit der eigenen Identit\u00e4t, ihrem Glauben, der Bibel und einer Vielzahl anderer pers\u00f6nlichkeits- und glaubensbildender Inhalte auf ihrem Weg zur Firmung, die f\u00fcr den 29.05.2021 geplant ist.<\/p>\n<p>Zus\u00e4tzlich beteiligen sich die Firmkandidat*innen an verschiedenen Sozialaktionen (Paketaktion, Geschenkverteilung an soziale Randgruppen etc.).<\/p>\n<p>Coronabedingt erfolgen die Firmtreffen nicht, wie fr\u00fcher, im Gemeindezentrum, sondern virtuell \u00fcber das Internet (Zoom, MS-Teams) oder im Freien, unter Einhaltung der Abstandsregeln. Der Umgang mit den digitalen Medien stellt f\u00fcr die Jugendlichen oftmals ein geringeres Problem dar als f\u00fcr uns Junggebliebenen im Firmteam. Gemeinsam ist uns aber, dass wir uns alle schon sehr auf die analoge N\u00e4he bei \u201enormalen\u201c-Firmaktivit\u00e4ten freuen.<\/p>\n<p><span style=\"color: #3366ff;\"><em>Bernhard Votava, Nora Kruse, Gerda Winner<\/em><\/span><\/p>\n","protected":false},"excerpt":{"rendered":"<p>Die Firmvorbereitung 2020\/21 stellt unsere 32 Firmkandidaten und die 12 Mitglieder des Firmteams vor bisher unbekannte Herausforderungen. Nach einem ersten gemeinsamen \u201eBabyelefanten\u201c-Treffen in der Pfarrkirche, wo das v\u00f6llig neu gestaltete Firmkonzept vorgestellt wurde, erfolgte die Aufteilung der Firmkandidaten in die 4 Firmgruppen, die jeweils von 2 Mitgliedern des Firmteams geleitet werden. Die jungen Menschen besch\u00e4ftigen [&hellip;]<\/p>\n","protected":false},"author":2,"featured_media":0,"comment_status":"closed","ping_status":"closed","sticky":false,"template":"","format":"standard","meta":{"ngg_post_thumbnail":0,"footnotes":""},"categories":[7],"tags":[],"class_list":{"0":"post-8492","1":"post","2":"type-post","3":"status-publish","4":"format-standard","6":"category-archiv"},"publishpress_future_action":{"enabled":false,"date":"2026-05-06 10:20:38","action":"category","newStatus":"draft","terms":[],"taxonomy":"category","extraData":[]},"publishpress_future_workflow_manual_trigger":{"enabledWorkflows":[]},"_links":{"self":[{"href":"https:\/\/www.pfarregersthof.at\/komm\/wp-json\/wp\/v2\/posts\/8492","targetHints":{"allow":["GET"]}}],"collection":[{"href":"https:\/\/www.pfarregersthof.at\/komm\/wp-json\/wp\/v2\/posts"}],"about":[{"href":"https:\/\/www.pfarregersthof.at\/komm\/wp-json\/wp\/v2\/types\/post"}],"author":[{"embeddable":true,"href":"https:\/\/www.pfarregersthof.at\/komm\/wp-json\/wp\/v2\/users\/2"}],"replies":[{"embeddable":true,"href":"https:\/\/www.pfarregersthof.at\/komm\/wp-json\/wp\/v2\/comments?post=8492"}],"version-history":[{"count":1,"href":"https:\/\/www.pfarregersthof.at\/komm\/wp-json\/wp\/v2\/posts\/8492\/revisions"}],"predecessor-version":[{"id":8493,"href":"https:\/\/www.pfarregersthof.at\/komm\/wp-json\/wp\/v2\/posts\/8492\/revisions\/8493"}],"wp:attachment":[{"href":"https:\/\/www.pfarregersthof.at\/komm\/wp-json\/wp\/v2\/media?parent=8492"}],"wp:term":[{"taxonomy":"category","embeddable":true,"href":"https:\/\/www.pfarregersthof.at\/komm\/wp-json\/wp\/v2\/categories?post=8492"},{"taxonomy":"post_tag","embeddable":true,"href":"https:\/\/www.pfarregersthof.at\/komm\/wp-json\/wp\/v2\/tags?post=8492"}],"curies":[{"name":"wp","href":"https:\/\/api.w.org\/{rel}","templated":true}]}}