{"id":8504,"date":"2021-01-25T20:32:14","date_gmt":"2021-01-25T19:32:14","guid":{"rendered":"https:\/\/www.pfarregersthof.at\/komm\/?p=8504"},"modified":"2021-03-07T13:52:38","modified_gmt":"2021-03-07T12:52:38","slug":"videobotschaften-an-die-gemeinde-und-die-kfb-frauen","status":"publish","type":"post","link":"https:\/\/www.pfarregersthof.at\/komm\/2021\/01\/videobotschaften-an-die-gemeinde-und-die-kfb-frauen\/","title":{"rendered":"Videobotschaften an die Gemeinde und die kfb-Frauen"},"content":{"rendered":"\n<p>Im aktuellen Coronavirus-Lockdown ist die Kommunikation \u00fcber die Familie hinaus schwer bis unm\u00f6glich geworden.<br>Pfarrer P. Arkadiusz sendet per Video einen kurzen, herzlichen Gru\u00df an die Pfarrgemeinde:<\/p>\n\n\n\n<figure class=\"wp-block-embed is-type-video is-provider-youtube wp-block-embed-youtube wp-embed-aspect-16-9 wp-has-aspect-ratio\"><div class=\"wp-block-embed__wrapper\">\n<iframe loading=\"lazy\" title=\"Pfarre P. Arkadiusz Zakreta - Botschaft an die Pfarrgemeinde am 24.1.2021\" width=\"696\" height=\"392\" src=\"https:\/\/www.youtube.com\/embed\/b_wZQXa-7Gc?feature=oembed\" frameborder=\"0\" allow=\"accelerometer; autoplay; clipboard-write; encrypted-media; gyroscope; picture-in-picture\" allowfullscreen><\/iframe>\n<\/div><\/figure>\n\n\n\n<p>An jedem Mittwochmorgen wurde eine spezieller Gottesdienst f\u00fcr Frauen gefeiert, derzeit ist das nicht m\u00f6glich.<br>Die Leiterin der Kath. Frauenbewegung (kfb) Gersthof, Dorli Schiller-Berg, wendet an die Teilnehmerinnen dieser Gottesdienste:<\/p>\n\n\n\n<figure class=\"wp-block-embed is-type-video is-provider-youtube wp-block-embed-youtube wp-embed-aspect-16-9 wp-has-aspect-ratio\"><div class=\"wp-block-embed__wrapper\">\n<iframe loading=\"lazy\" title=\"kfb-Gersthof Botschaft vom 24.1.2021\" width=\"696\" height=\"392\" src=\"https:\/\/www.youtube.com\/embed\/kglJS6IkxtE?feature=oembed\" frameborder=\"0\" allow=\"accelerometer; autoplay; clipboard-write; encrypted-media; gyroscope; picture-in-picture\" allowfullscreen><\/iframe>\n<\/div><\/figure>\n\n\n","protected":false},"excerpt":{"rendered":"<p>Im aktuellen Coronavirus-Lockdown ist die Kommunikation \u00fcber die Familie hinaus schwer bis unm\u00f6glich geworden.Pfarrer P. Arkadiusz sendet per Video einen kurzen, herzlichen Gru\u00df an die Pfarrgemeinde: An jedem Mittwochmorgen wurde eine spezieller Gottesdienst f\u00fcr Frauen gefeiert, derzeit ist das nicht m\u00f6glich.Die Leiterin der Kath. Frauenbewegung (kfb) Gersthof, Dorli Schiller-Berg, wendet an die Teilnehmerinnen dieser Gottesdienste:<\/p>\n","protected":false},"author":2,"featured_media":0,"comment_status":"closed","ping_status":"closed","sticky":false,"template":"","format":"standard","meta":{"ngg_post_thumbnail":0,"footnotes":""},"categories":[7],"tags":[],"class_list":{"0":"post-8504","1":"post","2":"type-post","3":"status-publish","4":"format-standard","6":"category-archiv"},"publishpress_future_action":{"enabled":false,"date":"2026-05-04 20:01:10","action":"category","newStatus":"draft","terms":[],"taxonomy":"category","extraData":[]},"publishpress_future_workflow_manual_trigger":{"enabledWorkflows":[]},"_links":{"self":[{"href":"https:\/\/www.pfarregersthof.at\/komm\/wp-json\/wp\/v2\/posts\/8504","targetHints":{"allow":["GET"]}}],"collection":[{"href":"https:\/\/www.pfarregersthof.at\/komm\/wp-json\/wp\/v2\/posts"}],"about":[{"href":"https:\/\/www.pfarregersthof.at\/komm\/wp-json\/wp\/v2\/types\/post"}],"author":[{"embeddable":true,"href":"https:\/\/www.pfarregersthof.at\/komm\/wp-json\/wp\/v2\/users\/2"}],"replies":[{"embeddable":true,"href":"https:\/\/www.pfarregersthof.at\/komm\/wp-json\/wp\/v2\/comments?post=8504"}],"version-history":[{"count":1,"href":"https:\/\/www.pfarregersthof.at\/komm\/wp-json\/wp\/v2\/posts\/8504\/revisions"}],"predecessor-version":[{"id":8505,"href":"https:\/\/www.pfarregersthof.at\/komm\/wp-json\/wp\/v2\/posts\/8504\/revisions\/8505"}],"wp:attachment":[{"href":"https:\/\/www.pfarregersthof.at\/komm\/wp-json\/wp\/v2\/media?parent=8504"}],"wp:term":[{"taxonomy":"category","embeddable":true,"href":"https:\/\/www.pfarregersthof.at\/komm\/wp-json\/wp\/v2\/categories?post=8504"},{"taxonomy":"post_tag","embeddable":true,"href":"https:\/\/www.pfarregersthof.at\/komm\/wp-json\/wp\/v2\/tags?post=8504"}],"curies":[{"name":"wp","href":"https:\/\/api.w.org\/{rel}","templated":true}]}}