{"id":8631,"date":"2021-02-13T17:40:29","date_gmt":"2021-02-13T16:40:29","guid":{"rendered":"https:\/\/www.pfarregersthof.at\/komm\/?p=8631"},"modified":"2022-01-30T18:26:44","modified_gmt":"2022-01-30T17:26:44","slug":"alle-parate-gottesdienst-texte-2021","status":"publish","type":"post","link":"https:\/\/www.pfarregersthof.at\/komm\/2021\/02\/alle-parate-gottesdienst-texte-2021\/","title":{"rendered":"Alle Parate-Gottesdienst-Texte 2021"},"content":{"rendered":"\n<p><\/p>\n<p>In der heurigen Ostervorbereitungszeit ist vieles ein bisschen anders. Deshalb feiern wir heuer nicht gemeinsam Parate und Exsultate Gottesdienste in der Kirche. Die Texte dieser Gottesdienste sind hier zu finden oder liegen im Kirchenvorraum ausgedruckt zum Mitnehmen auf. <br>Machen wir uns gemeinsam auf den Weg, dessen Ziel die Auferstehung ist.<br><em>Gabi Huber<\/em><\/p>\n<h2>1. PARATE Gottesdienst, 19.02.2021<\/h2>\n<p>Lesung: Jesaja, 8,1-9a<\/p>\n<p>Evangelium: Matth\u00e4us 9,14-15<\/p>\n<p><em>F\u00fcr uns ist seit dem vergangenen Mittwoch die Fastenzeit, oder \u2013 wie es liturgisch korrekt hei\u00dft \u2013 die \u00f6sterliche Bu\u00dfzeit angebrochen. Das Fasten, besonders das Heilfasten wird als gesundheitsf\u00f6rdernd angepriesen. In der liturgischen Fastenzeit geht es in erster Linie um unsere Lebenseinstellung und unser Lebenskonzept. Fasten im biblischen Sinn ist anspruchsvoll. Was mit einem gottgef\u00e4lligen Leben nicht in Einklang steht, soll erkannt, ver\u00e4ndert oder entfernt werden. Fasten ist eine \u00dcbung, ist Ausdruck einer Haltung, die uns frei macht f\u00fcr das Wesentliche. Was n\u00fctzt das ganze Frei-werden durch Fasten, wenn ich mit dieser erworbenen Freiheit nicht richtig umgehe ? Denn wie Jesus ganz f\u00fcr die Anderen da war, ihnen barmherzig und liebevoll begegnete, sich f\u00fcr sie einsetzte, so soll auch bei uns nicht das eigene Wohlergehen Ma\u00dfstab des Handelns sein. Ein solches Heil-Fasten wird nicht folgenlos bleiben, sondern Kreise ziehen, wenn wir uns f\u00fcr andere \u00f6ffnen und nicht mehr um uns selbst kreisen.<\/em><\/p>\n<p>F\u00fcrchte dich nicht!<br>Ich bin bei dir,<br>ich liebe dich \u00fcber alle Ma\u00dfen.<br>Wohin du auch gehst:<br>Ich gehe mit dir.<br>Wie viele Sorgen und Probleme,<br>wie viele N\u00f6te und \u00c4ngste dich auch bedr\u00e4ngen:<br>Ich lasse dich nicht im Stich.<br>Ich begleite dich.<br>Ich sch\u00fctze dich<br>Ich stehe dir bei.<br>Was immer auch geschieht:<br>Ich liebe dich \u00fcber alle Ma\u00dfen.<\/p>\n<h2>2. PARATE Gottesdienst, 26.02.2021<\/h2>\n<p>Lesung:&nbsp; Ezechiel 18,21-28<\/p>\n<p>Evangelium: Matth\u00e4us 5,20-26<\/p>\n<p><em>Unsere Gerechtigkeit, sagt Jesus, soll gr\u00f6\u00dfer sein als die Gerechtigkeit der Schriftgelehrten und der Pharis\u00e4er. Er wirbt darum, auch in Konflikten im anderen Menschen das Antlitz Gottes zu suchen und zu finden. Es ist f\u00fcr uns eine sehr schwierige Aufgabe in Auseinandersetzungen&nbsp; aufrichtig und wahrhaftig zu bleiben, f\u00fcr unsere&nbsp; \u00dcberzeugung einzustehen und gleichzeitig dem Menschen auf der anderen Seit den Respekt entgegenzubringen, den er als Ebenbild Gottes verdient. Wie k\u00f6nnen wir es schaffen jemanden zu achten, anstatt ihn abzulehnen ? Und wie kann das alles gehen, ohne dass wir uns hoffnungslos \u00fcberfordern ? Je tiefer unsere Gemeinschaft mit Gott ist, umso weniger m\u00fcssen wir uns Sorgen um uns selbst machen. Wer aus Gottes Liebe lebt, kann lernen, von Herzen gro\u00dfz\u00fcgig zu sein.<\/em><\/p>\n<p>Steh auf vom Schlaf!<br>Wer schl\u00e4ft, wer vor sich hind\u00e4mmert, der ist eigentlich tot.<br>Er lebt nicht wirklich.<br>Er wird von au\u00dfen gelebt.<br>Vielleicht tut er ganz viel.<br>Aber alles ist Leerlauf.<br>Er ist nicht wirklich bei dem, was er tut.<br>Er f\u00fcllt seine Leere mit Aktivit\u00e4ten aus.<br>Von dieser Leere sollen wir aufwachen<br>und die Augen aufmachen.<br>Wir sollen aufstehen und selbst leben, anstatt uns leben zu lassen.<\/p>\n<p><\/p>\n<p>In der heurigen Ostervorbereitungszeit ist vieles ein bisschen anders. Deshalb feiern wir heuer nicht gemeinsam Parate und Exsultate Gottesdienste in der Kirche. Die Texte dieser Gottesdienste sind hier zu finden oder liegen im Kirchenvorraum ausgedruckt zum Mitnehmen auf. <br>Machen wir uns gemeinsam auf den Weg, dessen Ziel die Auferstehung ist.<br><em>Gabi Huber<\/em><\/p>\n<h2>3. PARATE&nbsp; Gottesdienst, 05.03.2021<\/h2>\n<p>Lesung: Genesis 37,3-4,12-13a, 17b-28<\/p>\n<p>Evangelium: Matth\u00e4us 21,33-43,45-46<\/p>\n<p><em>An Jesus scheiden sich die Geister.&nbsp; F\u00fcr die einen ist er ein Stein des Ansto\u00dfes. F\u00fcr den Bauherrn aber, ist er der Eckstein, der alles zusammenh\u00e4lt und auf den alles zul\u00e4uft, ohne den alles zusammenf\u00e4llt.<\/em><br><em>An Jesus scheiden sich die Geister, deshalb braucht es Ent-scheidung: Anerkenne ich den Sohn und seinen Anspruch?<\/em><br><em>Diese Frage stellt sich auch f\u00fcr uns heute: Glaube ich an den Eckstein Jesus Christus, der die Kirche und auch mein Lebenshaus zusammenh\u00e4lt ?<\/em><br><em>Seit der Auferstehung Jesu hat alle Welt die Chance, sich als lebendigen Stein in dieses Geb\u00e4ude, das von Jesus gehalten und getragen ist, einf\u00fcgen zu lassen. In der Sprache des Gleichnisses: im Weinberg Gottes zu arbeiten und zu leben, eigenverantwortlich aber nicht eigenm\u00e4chtig.<\/em><br><em>Gott vergibt seinen Weinberg bis heute. Vor seinem Sohn sollen wir Achtung haben, auf ihn sollen wir h\u00f6ren. Darum wirbt der Evangelist eindringlich.<\/em><\/p>\n<p>Mich f\u00fcr etwas entscheiden, weil sich einer f\u00fcr mich entschieden hat<br>Weil einer Mensch geworden ist, damit ich Mensch sein kann<br>Weil einer mich liebt damit ich lieben kann<br>Weil einer sich hingibt, damit ich leben kann<br>Sich f\u00fcr den entscheiden der mich meint so wie ich bin<br>Der mich will so wie ich bin, der sein Ja sagt<br>Und der es verbindlich meint, der sich festnageln l\u00e4sst<br>Und der meine Entscheidung will.<\/p>\n<h2>4. PARATE Gottesdienst, 12.03.2021<\/h2>\n<p>Lesung: Hosea 14,2-10<\/p>\n<p>Evangelium:&nbsp; Markus 12,28b-34<\/p>\n<p><em>Kehrt um! Diese Aufforderung begleitet uns schon seit Beginn der Fastenzeit. Und jetzt, ungef\u00e4hr in der Mitte dieser \u00f6sterlichen Bu\u00dfzeit, gilt es nochmals innezuhalten und zu fragen: Inwiefern haben wir diese Umkehr tats\u00e4chlich schon begonnen ? Umkehr meint: sich neu auszurichten, sich Gott neu zuzuwenden.<\/em><br><em>Umkehr erm\u00f6glicht mir von Neuem zu erleben, dass Gott da ist und mir seine ge\u00f6ffneten Arme entgegenh\u00e4lt. Umkehr erm\u00f6glicht mir aufs Neue zu erleben, wie Gott mich liebt. Und gerade weil Gott mich liebt und mir seine Liebe schenkt, kann ich dann erf\u00fcllen, was Jesus im Evangelium seinen J\u00fcngern und jedem von uns ans Herz legt.<\/em><br><em>Das Erkennungszeichen von uns Christen ist und bleibt die ganz konkrete allt\u00e4gliche Liebe, denn die wahre Liebe zum Mitmenschen erw\u00e4chst aus der Liebe zu Christus, aus der Liebe zu Gott.<\/em><\/p>\n<p>Gottes Licht \u00f6ffne deine Augen,<br>erleuchte deine Sichtweise und Blickrichtung<br>damit du einen klaren \u00dcberblick \u00fcber dein Leben gewinnst !<br>Gottes Kraft st\u00e4rke dir den R\u00fccken,<br>damit du dich auch unbequemen Fragen stellen kannst !<br>Gottes Geist f\u00fchre dich zu Einkehr und Umkehr,<br>damit du kl\u00e4ren, bereinigen, ordnen und vers\u00f6hnen lassen kannst,<br>wo es n\u00f6tig ist !&nbsp;&nbsp;&nbsp;&nbsp;&nbsp;&nbsp;&nbsp;&nbsp;&nbsp;&nbsp;&nbsp;&nbsp;&nbsp;&nbsp;&nbsp;&nbsp;&nbsp;&nbsp;&nbsp;&nbsp;&nbsp;&nbsp;&nbsp;&nbsp;&nbsp;&nbsp;&nbsp;&nbsp;&nbsp;&nbsp;&nbsp;&nbsp;&nbsp;&nbsp;&nbsp;&nbsp;&nbsp;&nbsp;&nbsp;&nbsp;&nbsp;&nbsp;&nbsp;&nbsp;&nbsp;&nbsp;&nbsp;&nbsp;&nbsp;&nbsp;&nbsp;&nbsp;&nbsp;&nbsp;&nbsp;&nbsp;<\/p>\n<h2>5. PARATE Gottesdienst, 19.03.2021<\/h2>\n<p>Lesung: 2. Buch Samuel 7,4.5a,12-14a,16<\/p>\n<p>Evangelium: Lukas 2,41-51a<\/p>\n<p>Heute feiert die Kirche das Fest des Heiligen Josef.<\/p>\n<p><em>Josef ist der Mann, der sich in Dienst nehmen l\u00e4sst und immer wieder aufbricht, losgeht. Er glaubt den Tr\u00e4umen und ihrer Botschaft \u2013 gegen allen Augenschein, allen Widerst\u00e4nden zum Trotz. Er vertraut und glaubt und handelt. Er bekommt seine Aufgabe \u2013 und er erf\u00fcllt sie. Er trennt sich von seinen Bildern und Vorstellungen, l\u00e4sst sich seine eigenen Pl\u00e4ne durchkreuzen. Und bleibt doch ganz im Hintergrund&#8230;.<\/em><br><em>Alfred Delp sagt es so:\u201c Er ist der Mann, der sich eine bergende H\u00e4uslichkeit im stillen Glanz des angebeteten Gottes bereiten wollte und der geschickt wurde in die Ungeborgenheit des Zweifels, des belasteten Gem\u00fctes, des gequ\u00e4lten Gewissens, der zugigen und windoffenen Stra\u00dfen, des unh\u00e4uslichen Stalles, des unwirtlichen fremden Landes. Und er ist der Mann, der ging.\u201c<\/em><br><em>Es geht darum den Tr\u00e4umen einer besseren Welt, in der Liebe, Freiheit und Hoffnung lebt, zu trauen. Und es geht darum, dass wir selbst Hoffnungszeichen dieser neuen Welt sind.<\/em><br><em>Und all das f\u00e4ngt bei mir an. Ich bin gefragt mich zur Verf\u00fcgung zu stellen, mich einzusetzen, mich zu engagieren. Ich bin gefragt, mit meinem Leben Zeugnis von der Hoffnung zu geben, die mich erf\u00fcllt.<\/em><br><em>Ich bin gefragt, aufzubrechen und loszugehen \u2013 aufgrund einer Verhei\u00dfung dem Leben entgegen.<\/em><\/p>\n<p><strong>Von einem zu lernen<\/strong><\/p>\n<p>Da nimmt sich einer zur\u00fcck damit anderes werden kann<br>Da tritt einer an den Rand damit andere vortreten k\u00f6nnen<br>Da h\u00f6rt einer die Stimme und handelt schweigend<br>Da l\u00e4sst sich einer sein Denken durchkreuzen und vertraut dem Traum<br>Da l\u00e4sst einer Gott wirken und h\u00e4lt stand<br>Da ist einer grundlos treu und glaubt bedingungslos<br>Da hofft einer abgrundtief und liebt himmelweit<br>Da gibt sich einer der Verhei\u00dfung und l\u00e4sst sich und alles<br>(Andrea Schwarz)<\/p>\n<h2>6. PARATE Gottesdienst, 26.03.2021<\/h2>\n<p>Lesung: Jeremias 20,10-13<\/p>\n<p>Evangelium: Johannes 10,31-42<\/p>\n<p>Jesus selbst nennt beim Namen, was es unm\u00f6glich macht, ihn und seine Botschaft auf die leichte Schulter zu nehmen:\u201cGlaubt wenigstens aufgrund der Werke, die ich vollbringe!\u201c Jesus kann nicht nur mit Worten, er kann auch mit Taten seine Worte bekr\u00e4ftigen. G\u00f6ttliche Werke, die klar machen: Hier spricht und handelt einer, der Gott an seiner Seite hat.<br>Auch heute gilt: \u00dcberzeugender Glaube braucht Worte <em>und<\/em> Taten. Jesus kann nicht mehr seine H\u00e4nde ausstrecken und heilsam handeln an den Armen und Suchenden unserer Zeit. Er braucht daf\u00fcr unsere H\u00e4nde. Seine Worte brauchen unsere Taten. Geben wir mit unserem Leben Zeugnis von der Zuwendung und Barmherzigkeit Gottes ?<\/p>\n<p>In das Dunkel deiner Vergangenheit und in das Ungewisse deiner Zukunft,<br>in den Segen deines Helfens und in das Elend deiner Ohnmacht<br>lege ich meine Zusage:<br>Ich bin da.<\/p>\n<p>In das Gelingen deiner Gespr\u00e4che und in die Langeweile deines Betens,<br>In die Freude deines Erfolges und in den Schmerz deines Versagens<br>lege ich meine Zusage:<br>Ich bin da.<\/p>\n<p>In die Enge deines Alltags und in die Weite deiner Tr\u00e4ume,<br>In die Schw\u00e4che deines Verstandes und in die Kr\u00e4fte deines Herzens<br>lege ich meine Zusage:<br>Ich bin da.<\/p>\n<p>&nbsp;<\/p>\n<p><\/p>\n<p>&nbsp;<\/p>\n<p>&nbsp;<\/p>\n<p>&nbsp;<\/p>\n<p><\/p>\n","protected":false},"excerpt":{"rendered":"","protected":false},"author":2,"featured_media":0,"comment_status":"closed","ping_status":"closed","sticky":false,"template":"","format":"standard","meta":{"ngg_post_thumbnail":0,"footnotes":""},"categories":[7],"tags":[],"class_list":{"0":"post-8631","1":"post","2":"type-post","3":"status-publish","4":"format-standard","6":"category-archiv"},"publishpress_future_action":{"enabled":false,"date":"2026-05-08 15:31:37","action":"category","newStatus":"draft","terms":[],"taxonomy":"category","extraData":[]},"publishpress_future_workflow_manual_trigger":{"enabledWorkflows":[]},"_links":{"self":[{"href":"https:\/\/www.pfarregersthof.at\/komm\/wp-json\/wp\/v2\/posts\/8631","targetHints":{"allow":["GET"]}}],"collection":[{"href":"https:\/\/www.pfarregersthof.at\/komm\/wp-json\/wp\/v2\/posts"}],"about":[{"href":"https:\/\/www.pfarregersthof.at\/komm\/wp-json\/wp\/v2\/types\/post"}],"author":[{"embeddable":true,"href":"https:\/\/www.pfarregersthof.at\/komm\/wp-json\/wp\/v2\/users\/2"}],"replies":[{"embeddable":true,"href":"https:\/\/www.pfarregersthof.at\/komm\/wp-json\/wp\/v2\/comments?post=8631"}],"version-history":[{"count":10,"href":"https:\/\/www.pfarregersthof.at\/komm\/wp-json\/wp\/v2\/posts\/8631\/revisions"}],"predecessor-version":[{"id":8641,"href":"https:\/\/www.pfarregersthof.at\/komm\/wp-json\/wp\/v2\/posts\/8631\/revisions\/8641"}],"wp:attachment":[{"href":"https:\/\/www.pfarregersthof.at\/komm\/wp-json\/wp\/v2\/media?parent=8631"}],"wp:term":[{"taxonomy":"category","embeddable":true,"href":"https:\/\/www.pfarregersthof.at\/komm\/wp-json\/wp\/v2\/categories?post=8631"},{"taxonomy":"post_tag","embeddable":true,"href":"https:\/\/www.pfarregersthof.at\/komm\/wp-json\/wp\/v2\/tags?post=8631"}],"curies":[{"name":"wp","href":"https:\/\/api.w.org\/{rel}","templated":true}]}}