{"id":8642,"date":"2021-02-13T17:43:51","date_gmt":"2021-02-13T16:43:51","guid":{"rendered":"https:\/\/www.pfarregersthof.at\/komm\/?p=8642"},"modified":"2022-01-30T18:26:16","modified_gmt":"2022-01-30T17:26:16","slug":"kreuzweg-fuer-voruebergehende-2","status":"publish","type":"post","link":"https:\/\/www.pfarregersthof.at\/komm\/2021\/02\/kreuzweg-fuer-voruebergehende-2\/","title":{"rendered":"Kreuzweg f\u00fcr Vor\u00fcbergehende"},"content":{"rendered":"\n<p>Der Kreuzweg wird wieder von Aschermittwoch bis Ostern im Pfarrgebiet zu Momenten der Nachdenklichkeit einladen. Bilder des praktischen Arztes Dr. Helmut Zaloudek und seine pers\u00f6nlichen Gedanken dazu, lenken den Blick auf den eigenen Lebensweg, Texte von Traude Novy der kfb Wien, weiten den Blick auf die vielen leidvollen Situationen in aller Welt, aber zeigen auch Hilfsoptionen auf.<\/p>\n<p>Eine herzliche Einladung diesem Weg von der 1. Station im Vorraum der Pfarrkirche am Bischof-Faber-Platz an zu folgen, oder den einzelnen, zuf\u00e4llig entdeckten Bildern Aufmerksamkeit zu schenken. Ein Angebot, das bei Tageslicht jederzeit ohne Gesundheitsgef\u00e4hrdung angenommen werden und vielleicht Hilfe und Herausforderung gleicherma\u00dfen sein kann, auf dem Weg nach Ostern&#8230;<br><span style=\"color: #3366ff;\"><em>Felizitas Patzak, Hemma Gamillscheg<\/em><\/span><\/p>\n","protected":false},"excerpt":{"rendered":"<p>Der Kreuzweg wird wieder von Aschermittwoch bis Ostern im Pfarrgebiet zu Momenten der Nachdenklichkeit einladen. Bilder des praktischen Arztes Dr. Helmut Zaloudek und seine pers\u00f6nlichen Gedanken dazu, lenken den Blick auf den eigenen Lebensweg, Texte von Traude Novy der kfb Wien, weiten den Blick auf die vielen leidvollen Situationen in aller Welt, aber zeigen auch [&hellip;]<\/p>\n","protected":false},"author":2,"featured_media":0,"comment_status":"closed","ping_status":"closed","sticky":false,"template":"","format":"standard","meta":{"ngg_post_thumbnail":0,"footnotes":""},"categories":[7],"tags":[],"class_list":{"0":"post-8642","1":"post","2":"type-post","3":"status-publish","4":"format-standard","6":"category-archiv"},"publishpress_future_action":{"enabled":false,"date":"2026-05-08 15:31:52","action":"category","newStatus":"draft","terms":[],"taxonomy":"category","extraData":[]},"publishpress_future_workflow_manual_trigger":{"enabledWorkflows":[]},"_links":{"self":[{"href":"https:\/\/www.pfarregersthof.at\/komm\/wp-json\/wp\/v2\/posts\/8642","targetHints":{"allow":["GET"]}}],"collection":[{"href":"https:\/\/www.pfarregersthof.at\/komm\/wp-json\/wp\/v2\/posts"}],"about":[{"href":"https:\/\/www.pfarregersthof.at\/komm\/wp-json\/wp\/v2\/types\/post"}],"author":[{"embeddable":true,"href":"https:\/\/www.pfarregersthof.at\/komm\/wp-json\/wp\/v2\/users\/2"}],"replies":[{"embeddable":true,"href":"https:\/\/www.pfarregersthof.at\/komm\/wp-json\/wp\/v2\/comments?post=8642"}],"version-history":[{"count":1,"href":"https:\/\/www.pfarregersthof.at\/komm\/wp-json\/wp\/v2\/posts\/8642\/revisions"}],"predecessor-version":[{"id":8643,"href":"https:\/\/www.pfarregersthof.at\/komm\/wp-json\/wp\/v2\/posts\/8642\/revisions\/8643"}],"wp:attachment":[{"href":"https:\/\/www.pfarregersthof.at\/komm\/wp-json\/wp\/v2\/media?parent=8642"}],"wp:term":[{"taxonomy":"category","embeddable":true,"href":"https:\/\/www.pfarregersthof.at\/komm\/wp-json\/wp\/v2\/categories?post=8642"},{"taxonomy":"post_tag","embeddable":true,"href":"https:\/\/www.pfarregersthof.at\/komm\/wp-json\/wp\/v2\/tags?post=8642"}],"curies":[{"name":"wp","href":"https:\/\/api.w.org\/{rel}","templated":true}]}}