{"id":8644,"date":"2021-02-13T17:46:44","date_gmt":"2021-02-13T16:46:44","guid":{"rendered":"https:\/\/www.pfarregersthof.at\/komm\/?p=8644"},"modified":"2021-03-07T13:33:38","modified_gmt":"2021-03-07T12:33:38","slug":"familienfasttag-26-2","status":"publish","type":"post","link":"https:\/\/www.pfarregersthof.at\/komm\/2021\/02\/familienfasttag-26-2\/","title":{"rendered":"Familienfasttag (26.2.)"},"content":{"rendered":"\n<p>Der Familienfasttag am 26. Februar steht heuer wieder im Zeichen <em><strong>teilen spendet zukunft<\/strong><\/em>.<\/p>\n<p>Wir k\u00f6nnen heuer leider kein Pfarrcaf\u00e9 zugunsten des Projekts der Katholischen Frauenbewegung f\u00fcr Frauen, Indigene und Kleinb\u00e4uerinnen im Hochland von Guatemala veranstalten. Umso mehr bitten wir Sie, <strong>bei den Kollekten in den Gottesdiensten am 27. und 28. Februar f\u00fcr das Projekt zu spenden<\/strong>. Wir werden Ihnen das Projekt in den Gottesdiensten am 20. und 21. Februar kurz vorstellen.<\/p>\n<p>Mit ganz herzlichem Dank f\u00fcr Ihre Mithilfe<br><span style=\"color: #3366ff;\"><em>Dorli Schiller-Berg<\/em><\/span> mit dem kfb Team<\/p>\n","protected":false},"excerpt":{"rendered":"<p>Der Familienfasttag am 26. Februar steht heuer wieder im Zeichen teilen spendet zukunft. Wir k\u00f6nnen heuer leider kein Pfarrcaf\u00e9 zugunsten des Projekts der Katholischen Frauenbewegung f\u00fcr Frauen, Indigene und Kleinb\u00e4uerinnen im Hochland von Guatemala veranstalten. Umso mehr bitten wir Sie, bei den Kollekten in den Gottesdiensten am 27. und 28. Februar f\u00fcr das Projekt zu [&hellip;]<\/p>\n","protected":false},"author":2,"featured_media":0,"comment_status":"closed","ping_status":"closed","sticky":false,"template":"","format":"standard","meta":{"ngg_post_thumbnail":0,"footnotes":""},"categories":[7],"tags":[],"class_list":{"0":"post-8644","1":"post","2":"type-post","3":"status-publish","4":"format-standard","6":"category-archiv"},"publishpress_future_action":{"enabled":false,"date":"2026-05-10 11:05:13","action":"category","newStatus":"draft","terms":[],"taxonomy":"category","extraData":[]},"publishpress_future_workflow_manual_trigger":{"enabledWorkflows":[]},"_links":{"self":[{"href":"https:\/\/www.pfarregersthof.at\/komm\/wp-json\/wp\/v2\/posts\/8644","targetHints":{"allow":["GET"]}}],"collection":[{"href":"https:\/\/www.pfarregersthof.at\/komm\/wp-json\/wp\/v2\/posts"}],"about":[{"href":"https:\/\/www.pfarregersthof.at\/komm\/wp-json\/wp\/v2\/types\/post"}],"author":[{"embeddable":true,"href":"https:\/\/www.pfarregersthof.at\/komm\/wp-json\/wp\/v2\/users\/2"}],"replies":[{"embeddable":true,"href":"https:\/\/www.pfarregersthof.at\/komm\/wp-json\/wp\/v2\/comments?post=8644"}],"version-history":[{"count":1,"href":"https:\/\/www.pfarregersthof.at\/komm\/wp-json\/wp\/v2\/posts\/8644\/revisions"}],"predecessor-version":[{"id":8645,"href":"https:\/\/www.pfarregersthof.at\/komm\/wp-json\/wp\/v2\/posts\/8644\/revisions\/8645"}],"wp:attachment":[{"href":"https:\/\/www.pfarregersthof.at\/komm\/wp-json\/wp\/v2\/media?parent=8644"}],"wp:term":[{"taxonomy":"category","embeddable":true,"href":"https:\/\/www.pfarregersthof.at\/komm\/wp-json\/wp\/v2\/categories?post=8644"},{"taxonomy":"post_tag","embeddable":true,"href":"https:\/\/www.pfarregersthof.at\/komm\/wp-json\/wp\/v2\/tags?post=8644"}],"curies":[{"name":"wp","href":"https:\/\/api.w.org\/{rel}","templated":true}]}}