{"id":8762,"date":"2021-02-26T18:34:54","date_gmt":"2021-02-26T17:34:54","guid":{"rendered":"https:\/\/www.pfarregersthof.at\/komm\/?p=8762"},"modified":"2021-03-06T02:27:38","modified_gmt":"2021-03-06T01:27:38","slug":"oekumenischer-weltgebetstag-5-3","status":"publish","type":"post","link":"https:\/\/www.pfarregersthof.at\/komm\/2021\/02\/oekumenischer-weltgebetstag-5-3\/","title":{"rendered":"\u00d6kumenischer Weltgebetstag (5.3.)"},"content":{"rendered":"\n<p>Der \u00d6kumenische Weltgebetstag ist heuer am Freitag, 5. M\u00e4rz &#8211; Frauen aus Vanuatu laden ein, mitzufeiern.<\/p>\n<p>Heuer gibt es leider keine gemeinsame Feier anl\u00e4sslich des \u00f6kumenischen Weltgebetstages. Die Gruppe der Katholischen Frauenbewegung gestaltet am kommenden Mittwoch, 3.3., 9 Uhr in der Pfarrkirche, die Messe mit Texten und Liedern nach den Vorlagen, wie sie von den Christinnen der <a href=\"https:\/\/de.wikipedia.org\/wiki\/Vanuatu\" target=\"_blank\" rel=\"noopener\">Republik Vanuatu<\/a> im Pazifischen Ozean vorbereitet wurden. <br>Wir freuen uns auf Ihren, Euren Besuch und auf Ihren, Euren Beitrag zur Kollekte. <br><span style=\"color: #3366ff;\"><em>Dorli Schiller-Berg<\/em><\/span> mit dem kfbTeam<\/p>\n<p><strong>Virtuelles Feiern mittels Zoom am Freitag, 5.3. um 18h<\/strong><\/p>\n<p>Die Baptistengemeinde in Wien l\u00e4dt uns herzlich zum Mitfeiern und Mitbeten ein. Der Gottesdienst wird mit einem Zoom Meeting gefeiert &#8211; <a href=\"https:\/\/us02web.zoom.us\/j\/87586321203?pwd=WGQ2TUNhZ2lzdlM2MFlxMUZ5QmhMZz09\">mit diesem Link<\/a> &#8211; jede(r) kann mitfeiern. (Meeting-ID: 875 8632 1203; Kenncode: 548075)<br><br>&nbsp;Etwaige Fragen dazu bitte an <a href=\"mailto:susanne.lehne@gmail.com\">susanne.lehne@gmail.com<\/a><\/p>\n","protected":false},"excerpt":{"rendered":"<p>Der \u00d6kumenische Weltgebetstag ist heuer am Freitag, 5. M\u00e4rz &#8211; Frauen aus Vanuatu laden ein, mitzufeiern. Heuer gibt es leider keine gemeinsame Feier anl\u00e4sslich des \u00f6kumenischen Weltgebetstages. Die Gruppe der Katholischen Frauenbewegung gestaltet am kommenden Mittwoch, 3.3., 9 Uhr in der Pfarrkirche, die Messe mit Texten und Liedern nach den Vorlagen, wie sie von den [&hellip;]<\/p>\n","protected":false},"author":2,"featured_media":0,"comment_status":"closed","ping_status":"closed","sticky":false,"template":"","format":"standard","meta":{"ngg_post_thumbnail":0,"footnotes":""},"categories":[7],"tags":[],"class_list":{"0":"post-8762","1":"post","2":"type-post","3":"status-publish","4":"format-standard","6":"category-archiv"},"publishpress_future_action":{"enabled":false,"date":"2026-05-08 14:01:49","action":"category","newStatus":"draft","terms":[],"taxonomy":"category","extraData":[]},"publishpress_future_workflow_manual_trigger":{"enabledWorkflows":[]},"_links":{"self":[{"href":"https:\/\/www.pfarregersthof.at\/komm\/wp-json\/wp\/v2\/posts\/8762","targetHints":{"allow":["GET"]}}],"collection":[{"href":"https:\/\/www.pfarregersthof.at\/komm\/wp-json\/wp\/v2\/posts"}],"about":[{"href":"https:\/\/www.pfarregersthof.at\/komm\/wp-json\/wp\/v2\/types\/post"}],"author":[{"embeddable":true,"href":"https:\/\/www.pfarregersthof.at\/komm\/wp-json\/wp\/v2\/users\/2"}],"replies":[{"embeddable":true,"href":"https:\/\/www.pfarregersthof.at\/komm\/wp-json\/wp\/v2\/comments?post=8762"}],"version-history":[{"count":1,"href":"https:\/\/www.pfarregersthof.at\/komm\/wp-json\/wp\/v2\/posts\/8762\/revisions"}],"predecessor-version":[{"id":8763,"href":"https:\/\/www.pfarregersthof.at\/komm\/wp-json\/wp\/v2\/posts\/8762\/revisions\/8763"}],"wp:attachment":[{"href":"https:\/\/www.pfarregersthof.at\/komm\/wp-json\/wp\/v2\/media?parent=8762"}],"wp:term":[{"taxonomy":"category","embeddable":true,"href":"https:\/\/www.pfarregersthof.at\/komm\/wp-json\/wp\/v2\/categories?post=8762"},{"taxonomy":"post_tag","embeddable":true,"href":"https:\/\/www.pfarregersthof.at\/komm\/wp-json\/wp\/v2\/tags?post=8762"}],"curies":[{"name":"wp","href":"https:\/\/api.w.org\/{rel}","templated":true}]}}