{"id":8809,"date":"2021-03-07T13:51:50","date_gmt":"2021-03-07T12:51:50","guid":{"rendered":"https:\/\/www.pfarregersthof.at\/komm\/?p=8809"},"modified":"2021-03-16T14:47:05","modified_gmt":"2021-03-16T13:47:05","slug":"grosseltern-enkel-segnung-14-3","status":"publish","type":"post","link":"https:\/\/www.pfarregersthof.at\/komm\/2021\/03\/grosseltern-enkel-segnung-14-3\/","title":{"rendered":"Gro\u00dfeltern-Enkel Segnung (14.3.)"},"content":{"rendered":"\n<p>Wir laden ein zum Gemeindegottesdienst mit Gro\u00dfeltern-Enkelkind-Segnung am Sonntag, 14. M\u00e4rz, 10 Uhr.<\/p>\n<p>Auch heuer m\u00f6chten wir gerne \u2013 mit Abstand und aller Vorsicht \u2013 Gro\u00dfeltern mit ihren Enkelkindern zur Feier des Gemeindegottesdienstes willkommen hei\u00dfen. Das Segensritual wird in Stille stattfinden, wir bitten, dass auch j\u00fcngere Kinder eine FFP2 Maske tragen.<\/p>\n<p>Vielen Dank! <br><span style=\"color: #3366ff;\"><em>Gerda Winner<\/em><\/span><\/p>\n","protected":false},"excerpt":{"rendered":"<p>Wir laden ein zum Gemeindegottesdienst mit Gro\u00dfeltern-Enkelkind-Segnung am Sonntag, 14. M\u00e4rz, 10 Uhr. Auch heuer m\u00f6chten wir gerne \u2013 mit Abstand und aller Vorsicht \u2013 Gro\u00dfeltern mit ihren Enkelkindern zur Feier des Gemeindegottesdienstes willkommen hei\u00dfen. Das Segensritual wird in Stille stattfinden, wir bitten, dass auch j\u00fcngere Kinder eine FFP2 Maske tragen. Vielen Dank! Gerda Winner<\/p>\n","protected":false},"author":2,"featured_media":0,"comment_status":"closed","ping_status":"closed","sticky":false,"template":"","format":"standard","meta":{"ngg_post_thumbnail":0,"footnotes":""},"categories":[7],"tags":[],"class_list":{"0":"post-8809","1":"post","2":"type-post","3":"status-publish","4":"format-standard","6":"category-archiv"},"publishpress_future_action":{"enabled":false,"date":"2026-05-08 12:32:48","action":"category","newStatus":"draft","terms":[],"taxonomy":"category","extraData":[]},"publishpress_future_workflow_manual_trigger":{"enabledWorkflows":[]},"_links":{"self":[{"href":"https:\/\/www.pfarregersthof.at\/komm\/wp-json\/wp\/v2\/posts\/8809","targetHints":{"allow":["GET"]}}],"collection":[{"href":"https:\/\/www.pfarregersthof.at\/komm\/wp-json\/wp\/v2\/posts"}],"about":[{"href":"https:\/\/www.pfarregersthof.at\/komm\/wp-json\/wp\/v2\/types\/post"}],"author":[{"embeddable":true,"href":"https:\/\/www.pfarregersthof.at\/komm\/wp-json\/wp\/v2\/users\/2"}],"replies":[{"embeddable":true,"href":"https:\/\/www.pfarregersthof.at\/komm\/wp-json\/wp\/v2\/comments?post=8809"}],"version-history":[{"count":1,"href":"https:\/\/www.pfarregersthof.at\/komm\/wp-json\/wp\/v2\/posts\/8809\/revisions"}],"predecessor-version":[{"id":8810,"href":"https:\/\/www.pfarregersthof.at\/komm\/wp-json\/wp\/v2\/posts\/8809\/revisions\/8810"}],"wp:attachment":[{"href":"https:\/\/www.pfarregersthof.at\/komm\/wp-json\/wp\/v2\/media?parent=8809"}],"wp:term":[{"taxonomy":"category","embeddable":true,"href":"https:\/\/www.pfarregersthof.at\/komm\/wp-json\/wp\/v2\/categories?post=8809"},{"taxonomy":"post_tag","embeddable":true,"href":"https:\/\/www.pfarregersthof.at\/komm\/wp-json\/wp\/v2\/tags?post=8809"}],"curies":[{"name":"wp","href":"https:\/\/api.w.org\/{rel}","templated":true}]}}