{"id":8837,"date":"2021-03-16T14:51:51","date_gmt":"2021-03-16T13:51:51","guid":{"rendered":"https:\/\/www.pfarregersthof.at\/komm\/?p=8837"},"modified":"2021-03-26T19:48:19","modified_gmt":"2021-03-26T18:48:19","slug":"es-lebe-christus-der-koenig-es-lebe-oesterreich-26-3","status":"publish","type":"post","link":"https:\/\/www.pfarregersthof.at\/komm\/2021\/03\/es-lebe-christus-der-koenig-es-lebe-oesterreich-26-3\/","title":{"rendered":"&#8222;Es lebe Christus der K\u00f6nig, es lebe \u00d6sterreich&#8220; (26.3.)"},"content":{"rendered":"\n<p>&#8222;Es lebe Christus der K\u00f6nig, es lebe \u00d6sterreich!&#8220; Das waren die letzten Worte des damaligen Kaplans von Gersthof DDr. Heinrich Maier bevor er am 22. M\u00e4rz 1945 vom nationalsozialistischen Terrorregime im Wiener Landesgericht hingerichtet wurde.<\/p>\n<p>Im Gedenken an Kaplan Maier und aller aufgrund ihres Glaubens an Christus Verfolgten, gehen&nbsp; wir am Freitag, 26. M\u00e4rz 2021, um 18.00 Uhr den Kreuzweg in der Gersthofer Pfarrkirche.<\/p>\n<p>Gehen sie mit,<br><span style=\"color: #3366ff;\"><em>Diakon Toni<\/em><\/span><\/p>\n","protected":false},"excerpt":{"rendered":"<p>&#8222;Es lebe Christus der K\u00f6nig, es lebe \u00d6sterreich!&#8220; Das waren die letzten Worte des damaligen Kaplans von Gersthof DDr. Heinrich Maier bevor er am 22. M\u00e4rz 1945 vom nationalsozialistischen Terrorregime im Wiener Landesgericht hingerichtet wurde. Im Gedenken an Kaplan Maier und aller aufgrund ihres Glaubens an Christus Verfolgten, gehen&nbsp; wir am Freitag, 26. M\u00e4rz 2021, [&hellip;]<\/p>\n","protected":false},"author":2,"featured_media":0,"comment_status":"closed","ping_status":"closed","sticky":false,"template":"","format":"standard","meta":{"ngg_post_thumbnail":0,"footnotes":""},"categories":[7],"tags":[],"class_list":{"0":"post-8837","1":"post","2":"type-post","3":"status-publish","4":"format-standard","6":"category-archiv"},"publishpress_future_action":{"enabled":false,"date":"2026-05-08 12:33:24","action":"category","newStatus":"draft","terms":[],"taxonomy":"category","extraData":[]},"publishpress_future_workflow_manual_trigger":{"enabledWorkflows":[]},"_links":{"self":[{"href":"https:\/\/www.pfarregersthof.at\/komm\/wp-json\/wp\/v2\/posts\/8837","targetHints":{"allow":["GET"]}}],"collection":[{"href":"https:\/\/www.pfarregersthof.at\/komm\/wp-json\/wp\/v2\/posts"}],"about":[{"href":"https:\/\/www.pfarregersthof.at\/komm\/wp-json\/wp\/v2\/types\/post"}],"author":[{"embeddable":true,"href":"https:\/\/www.pfarregersthof.at\/komm\/wp-json\/wp\/v2\/users\/2"}],"replies":[{"embeddable":true,"href":"https:\/\/www.pfarregersthof.at\/komm\/wp-json\/wp\/v2\/comments?post=8837"}],"version-history":[{"count":1,"href":"https:\/\/www.pfarregersthof.at\/komm\/wp-json\/wp\/v2\/posts\/8837\/revisions"}],"predecessor-version":[{"id":8838,"href":"https:\/\/www.pfarregersthof.at\/komm\/wp-json\/wp\/v2\/posts\/8837\/revisions\/8838"}],"wp:attachment":[{"href":"https:\/\/www.pfarregersthof.at\/komm\/wp-json\/wp\/v2\/media?parent=8837"}],"wp:term":[{"taxonomy":"category","embeddable":true,"href":"https:\/\/www.pfarregersthof.at\/komm\/wp-json\/wp\/v2\/categories?post=8837"},{"taxonomy":"post_tag","embeddable":true,"href":"https:\/\/www.pfarregersthof.at\/komm\/wp-json\/wp\/v2\/tags?post=8837"}],"curies":[{"name":"wp","href":"https:\/\/api.w.org\/{rel}","templated":true}]}}