{"id":8839,"date":"2021-03-16T14:55:49","date_gmt":"2021-03-16T13:55:49","guid":{"rendered":"https:\/\/www.pfarregersthof.at\/komm\/?p=8839"},"modified":"2021-03-19T19:52:53","modified_gmt":"2021-03-19T18:52:53","slug":"christenverfolgung-kreuzweg-19-3","status":"publish","type":"post","link":"https:\/\/www.pfarregersthof.at\/komm\/2021\/03\/christenverfolgung-kreuzweg-19-3\/","title":{"rendered":"Christenverfolgung Kreuzweg (19.3.)"},"content":{"rendered":"\n<p><strong>Christen in Not \u2013 Christenverfolgungen im Jahr 2021<\/strong><\/p>\n<p>Laut weltweitem Index von verfolgten Menschen hat die Intensit\u00e4t der Christenverfolgung auch im letzten Jahr weltweit zugenommen. Aktuell sind in den 50 L\u00e4ndern des Weltverfolgungsindex rund 309 Millionen Christen einem sehr hohen bis extremen Ma\u00df der Verfolgung ausgesetzt.<\/p>\n<p>Im Gebet und im Gedenken f\u00fcr all jene, die aufgrund ihres Glaubens verfolgt, misshandelt und get\u00f6tet werden, gehen wir am Freitag, 19. M\u00e4rz 2021, um 18.00 Uhr den Kreuzweg in der Gersthofer Pfarrkirche.<\/p>\n<p>Gehen Sie mit,<br><span style=\"color: #3366ff;\"><em>DiakonToni<\/em><\/span><\/p>\n","protected":false},"excerpt":{"rendered":"<p>Christen in Not \u2013 Christenverfolgungen im Jahr 2021 Laut weltweitem Index von verfolgten Menschen hat die Intensit\u00e4t der Christenverfolgung auch im letzten Jahr weltweit zugenommen. Aktuell sind in den 50 L\u00e4ndern des Weltverfolgungsindex rund 309 Millionen Christen einem sehr hohen bis extremen Ma\u00df der Verfolgung ausgesetzt. Im Gebet und im Gedenken f\u00fcr all jene, die [&hellip;]<\/p>\n","protected":false},"author":2,"featured_media":0,"comment_status":"closed","ping_status":"closed","sticky":false,"template":"","format":"standard","meta":{"ngg_post_thumbnail":0,"footnotes":""},"categories":[7],"tags":[],"class_list":{"0":"post-8839","1":"post","2":"type-post","3":"status-publish","4":"format-standard","6":"category-archiv"},"publishpress_future_action":{"enabled":false,"date":"2026-05-08 12:48:17","action":"category","newStatus":"draft","terms":[],"taxonomy":"category","extraData":[]},"publishpress_future_workflow_manual_trigger":{"enabledWorkflows":[]},"_links":{"self":[{"href":"https:\/\/www.pfarregersthof.at\/komm\/wp-json\/wp\/v2\/posts\/8839","targetHints":{"allow":["GET"]}}],"collection":[{"href":"https:\/\/www.pfarregersthof.at\/komm\/wp-json\/wp\/v2\/posts"}],"about":[{"href":"https:\/\/www.pfarregersthof.at\/komm\/wp-json\/wp\/v2\/types\/post"}],"author":[{"embeddable":true,"href":"https:\/\/www.pfarregersthof.at\/komm\/wp-json\/wp\/v2\/users\/2"}],"replies":[{"embeddable":true,"href":"https:\/\/www.pfarregersthof.at\/komm\/wp-json\/wp\/v2\/comments?post=8839"}],"version-history":[{"count":1,"href":"https:\/\/www.pfarregersthof.at\/komm\/wp-json\/wp\/v2\/posts\/8839\/revisions"}],"predecessor-version":[{"id":8840,"href":"https:\/\/www.pfarregersthof.at\/komm\/wp-json\/wp\/v2\/posts\/8839\/revisions\/8840"}],"wp:attachment":[{"href":"https:\/\/www.pfarregersthof.at\/komm\/wp-json\/wp\/v2\/media?parent=8839"}],"wp:term":[{"taxonomy":"category","embeddable":true,"href":"https:\/\/www.pfarregersthof.at\/komm\/wp-json\/wp\/v2\/categories?post=8839"},{"taxonomy":"post_tag","embeddable":true,"href":"https:\/\/www.pfarregersthof.at\/komm\/wp-json\/wp\/v2\/tags?post=8839"}],"curies":[{"name":"wp","href":"https:\/\/api.w.org\/{rel}","templated":true}]}}