{"id":8841,"date":"2021-03-16T15:06:58","date_gmt":"2021-03-16T14:06:58","guid":{"rendered":"https:\/\/www.pfarregersthof.at\/komm\/?p=8841"},"modified":"2021-03-27T14:56:01","modified_gmt":"2021-03-27T13:56:01","slug":"gersthofer-priester-bruno-layr-verstorben","status":"publish","type":"post","link":"https:\/\/www.pfarregersthof.at\/komm\/2021\/03\/gersthofer-priester-bruno-layr-verstorben\/","title":{"rendered":"Gersthofer Priester Bruno Layr verstorben"},"content":{"rendered":"\n<p>Am Freitag, den 12. M\u00e4rz 2021, erreichte mich die Nachricht, dass GR Bruno Layr, in der Nacht vom 11. auf den 12. M\u00e4rz zu Gott, unseren uns alle liebenden Vater, in die ewige Heimat vorausgegangen ist. Er stammte aus Gersthof und ist f\u00fcr so manchen \u00e4lteren Gersthofer noch als &#8222;unser Bruno&#8220; bekannt.<\/p>\n<p>Bruno, der am 7. Februar 1943 geboren wurde, wuchs in Gersthof auf. Die Pfarre war f\u00fcr ihn ein wichtiger Bezugspunkt. Als Oberministrant war er f\u00fcr uns Ministranten ein gro\u00dfes Vorbild. Als Jugendleiter gr\u00fcndete er einen Jugendclub: \u201eDie Kellergeister\u201c. So manche der damaligen Mitglieder halten bis heute miteinander Kontakt.<\/p>\n<p>Nach der Matura trat Bruno Layr ins Wiener Priesterseminar ein und studierte auf der Wiener Universit\u00e4t Theologie. Am 29. Juni 1966 wurde er von Kardinal Dr. Franz K\u00f6nig im Stephansdom zum Priester geweiht. Primiz wurde am 3. Juli 1966 in Gersthof gefeiert. Wir Ministranten von damals erinnern uns gerne an diesen festlichen Gottesdienst.<\/p>\n<p>Seine Pfarren als Kaplan waren Ebenfurth, Maria Namen und Altsimmering. 1972 wurde er zum Pfarrer von Ebreichsdorf ernannt und 1986 zum Pfarrer von Altmannsdorf.<\/p>\n<p>Als Bruno 1998 auf die Pfarre verzichtete stellte er sich als Mitarbeiter der Tourismusseelsorge zur Verf\u00fcgung. 2008 wurde er Rektor des Rektorates St. Johannes in Margareten.<\/p>\n<p>Trotz seiner, nicht zum Besten bestellten Gesundheit und seiner vielen Operationen, war er immer bereit, wenn es notwendig war, auszuhelfen.<\/p>\n<p>Bruno liebte aus voller \u00dcberzeugung sein Priester Sein, er liebte aus ganzen Herzen seine Berufung und die Menschen, f\u00fcr die er Priester war.<\/p>\n<p>Der Herr vergelte dir Bruno deinen treuen Dienst!<\/p>\n<p>Der Auferstehungsgottesdienst ist am Samstag, 27. M\u00e4rz 2021, um 9:30 Uhr in der Pfarrkirche Gersthof, anschlie\u00dfend erfolgt die Beisetzung im Familiengrab am Friedhof Gersthof.<\/p>\n<p><span style=\"color: #3366ff;\"><em>Diakon Toni Hecht<\/em><\/span><\/p>\n<p>PS:&nbsp;Bruno war mein Studien- und in der Ausbildung Jahrgangskollege; ich werde ihn nicht nur wegen seiner Gersthofer Herkunft nicht vergessen.<br><span style=\"color: #3366ff;\"><em>Alt-Pfarrer Norbert<\/em><\/span><\/p>\n","protected":false},"excerpt":{"rendered":"<p>Am Freitag, den 12. M\u00e4rz 2021, erreichte mich die Nachricht, dass GR Bruno Layr, in der Nacht vom 11. auf den 12. M\u00e4rz zu Gott, unseren uns alle liebenden Vater, in die ewige Heimat vorausgegangen ist. Er stammte aus Gersthof und ist f\u00fcr so manchen \u00e4lteren Gersthofer noch als &#8222;unser Bruno&#8220; bekannt. Bruno, der am [&hellip;]<\/p>\n","protected":false},"author":2,"featured_media":0,"comment_status":"closed","ping_status":"closed","sticky":false,"template":"","format":"standard","meta":{"ngg_post_thumbnail":0,"footnotes":""},"categories":[7],"tags":[],"class_list":{"0":"post-8841","1":"post","2":"type-post","3":"status-publish","4":"format-standard","6":"category-archiv"},"publishpress_future_action":{"enabled":false,"date":"2026-05-08 12:32:47","action":"category","newStatus":"draft","terms":[],"taxonomy":"category","extraData":[]},"publishpress_future_workflow_manual_trigger":{"enabledWorkflows":[]},"_links":{"self":[{"href":"https:\/\/www.pfarregersthof.at\/komm\/wp-json\/wp\/v2\/posts\/8841","targetHints":{"allow":["GET"]}}],"collection":[{"href":"https:\/\/www.pfarregersthof.at\/komm\/wp-json\/wp\/v2\/posts"}],"about":[{"href":"https:\/\/www.pfarregersthof.at\/komm\/wp-json\/wp\/v2\/types\/post"}],"author":[{"embeddable":true,"href":"https:\/\/www.pfarregersthof.at\/komm\/wp-json\/wp\/v2\/users\/2"}],"replies":[{"embeddable":true,"href":"https:\/\/www.pfarregersthof.at\/komm\/wp-json\/wp\/v2\/comments?post=8841"}],"version-history":[{"count":1,"href":"https:\/\/www.pfarregersthof.at\/komm\/wp-json\/wp\/v2\/posts\/8841\/revisions"}],"predecessor-version":[{"id":8842,"href":"https:\/\/www.pfarregersthof.at\/komm\/wp-json\/wp\/v2\/posts\/8841\/revisions\/8842"}],"wp:attachment":[{"href":"https:\/\/www.pfarregersthof.at\/komm\/wp-json\/wp\/v2\/media?parent=8841"}],"wp:term":[{"taxonomy":"category","embeddable":true,"href":"https:\/\/www.pfarregersthof.at\/komm\/wp-json\/wp\/v2\/categories?post=8841"},{"taxonomy":"post_tag","embeddable":true,"href":"https:\/\/www.pfarregersthof.at\/komm\/wp-json\/wp\/v2\/tags?post=8841"}],"curies":[{"name":"wp","href":"https:\/\/api.w.org\/{rel}","templated":true}]}}