{"id":8892,"date":"2021-03-18T17:20:00","date_gmt":"2021-03-18T16:20:00","guid":{"rendered":"https:\/\/www.pfarregersthof.at\/komm\/?p=8892"},"modified":"2021-04-18T14:15:45","modified_gmt":"2021-04-18T13:15:45","slug":"orthodoxie-konzert-18-4","status":"publish","type":"post","link":"https:\/\/www.pfarregersthof.at\/komm\/2021\/03\/orthodoxie-konzert-18-4\/","title":{"rendered":"Orthodoxie-Konzert &#8211; verschoben"},"content":{"rendered":"\n<p>Ihre Freude an Musik wollen die (teilweise in Gersthof wohnhaften) Operns\u00e4nger des M\u00e4nnersolistenensembles &#8222;Orthodoxie&#8220; mit uns teilen. Dazu sind wir zu einer (ein- bis 8-stimmigen) Auff\u00fchrung geistlicher Musikwerke vom 12. Jahrhundert bis zur Gegenwart eingeladen. Komponiert von Bulgarischen, Russischen, Serbischen, Ungarischen und Wiener Musikern. <strong>Die f\u00fcr 18.4. geplante Auff\u00fchrung musste verschoben werden<\/strong> &#8211; sobald ein neuer Termine festgelegt ist, wird er hier mitgeteilt.<\/p>\n<p>Die Andacht mit Musik <strong>wird in der Pfarrkirche stattfinden<\/strong> &#8211; es gelten die bekannten Corona-Vorsichtsma\u00dfnahmen &#8211; und per Videoleinwand und Lautsprechern <strong>auf den Platz vor der Kirche \u00fcbertragen<\/strong>. Zus\u00e4tzlich gibt es einen Video-Livestream \u00fcber YouTube. Informationen zu den Musikern <a href=\"_wp_link_placeholder\" data-wplink-edit=\"true\">gibt es hier im Web<\/a>.<\/p>\n<p>Wir freuen uns und danken f\u00fcr die Einladung!<br><span style=\"color: #3366ff;\"><em>Wolfgang Twaroch und Bernhard Schleser<\/em><\/span> f\u00fcr den PGR<\/p>\n","protected":false},"excerpt":{"rendered":"<p>Ihre Freude an Musik wollen die (teilweise in Gersthof wohnhaften) Operns\u00e4nger des M\u00e4nnersolistenensembles &#8222;Orthodoxie&#8220; mit uns teilen. Dazu sind wir zu einer (ein- bis 8-stimmigen) Auff\u00fchrung geistlicher Musikwerke vom 12. Jahrhundert bis zur Gegenwart eingeladen. Komponiert von Bulgarischen, Russischen, Serbischen, Ungarischen und Wiener Musikern. Die f\u00fcr 18.4. geplante Auff\u00fchrung musste verschoben werden &#8211; sobald ein [&hellip;]<\/p>\n","protected":false},"author":2,"featured_media":0,"comment_status":"closed","ping_status":"closed","sticky":false,"template":"","format":"standard","meta":{"ngg_post_thumbnail":0,"footnotes":""},"categories":[7],"tags":[],"class_list":{"0":"post-8892","1":"post","2":"type-post","3":"status-publish","4":"format-standard","6":"category-archiv"},"publishpress_future_action":{"enabled":false,"date":"2026-05-08 12:43:14","action":"category","newStatus":"draft","terms":[],"taxonomy":"category","extraData":[]},"publishpress_future_workflow_manual_trigger":{"enabledWorkflows":[]},"_links":{"self":[{"href":"https:\/\/www.pfarregersthof.at\/komm\/wp-json\/wp\/v2\/posts\/8892","targetHints":{"allow":["GET"]}}],"collection":[{"href":"https:\/\/www.pfarregersthof.at\/komm\/wp-json\/wp\/v2\/posts"}],"about":[{"href":"https:\/\/www.pfarregersthof.at\/komm\/wp-json\/wp\/v2\/types\/post"}],"author":[{"embeddable":true,"href":"https:\/\/www.pfarregersthof.at\/komm\/wp-json\/wp\/v2\/users\/2"}],"replies":[{"embeddable":true,"href":"https:\/\/www.pfarregersthof.at\/komm\/wp-json\/wp\/v2\/comments?post=8892"}],"version-history":[{"count":3,"href":"https:\/\/www.pfarregersthof.at\/komm\/wp-json\/wp\/v2\/posts\/8892\/revisions"}],"predecessor-version":[{"id":8921,"href":"https:\/\/www.pfarregersthof.at\/komm\/wp-json\/wp\/v2\/posts\/8892\/revisions\/8921"}],"wp:attachment":[{"href":"https:\/\/www.pfarregersthof.at\/komm\/wp-json\/wp\/v2\/media?parent=8892"}],"wp:term":[{"taxonomy":"category","embeddable":true,"href":"https:\/\/www.pfarregersthof.at\/komm\/wp-json\/wp\/v2\/categories?post=8892"},{"taxonomy":"post_tag","embeddable":true,"href":"https:\/\/www.pfarregersthof.at\/komm\/wp-json\/wp\/v2\/tags?post=8892"}],"curies":[{"name":"wp","href":"https:\/\/api.w.org\/{rel}","templated":true}]}}