{"id":9057,"date":"2021-04-09T13:20:15","date_gmt":"2021-04-09T12:20:15","guid":{"rendered":"https:\/\/www.pfarregersthof.at\/komm\/?p=9057"},"modified":"2021-05-07T18:27:13","modified_gmt":"2021-05-07T17:27:13","slug":"baum-fuer-pfr-i-r-dr-norbert-rodt","status":"publish","type":"post","link":"https:\/\/www.pfarregersthof.at\/komm\/2021\/04\/baum-fuer-pfr-i-r-dr-norbert-rodt\/","title":{"rendered":"Baum f\u00fcr Pfr. i.R. Dr. Norbert Rodt"},"content":{"rendered":"\n<p>Schon im Vorjahr wurde uns von unserer Bezirksvorsteherin, Mag. Silvia Nossek, zugesagt, dass im Rahmen der geplanten Gehsteigverbreiterungen an der Ecke Witthauergasse\/Bastiengasse Platz f\u00fcr eine Baumpflanzung geschaffen werden wird. Diese Zusage wurde eingehalten und nun dieser Tage erf\u00fcllt.<\/p>\n<figure id=\"attachment_9058\" aria-describedby=\"caption-attachment-9058\" style=\"width: 200px\" class=\"wp-caption alignright\"><a href=\"https:\/\/www.pfarregersthof.at\/komm\/wp-content\/uploads\/2021\/04\/foto.mws_.at-20210409-_DSF1264.jpg\"><img loading=\"lazy\" decoding=\"async\" class=\"size-medium wp-image-9058\" src=\"https:\/\/www.pfarregersthof.at\/komm\/wp-content\/uploads\/2021\/04\/foto.mws_.at-20210409-_DSF1264-200x300.jpg\" alt=\"\" width=\"200\" height=\"300\" srcset=\"https:\/\/www.pfarregersthof.at\/komm\/wp-content\/uploads\/2021\/04\/foto.mws_.at-20210409-_DSF1264-200x300.jpg 200w, https:\/\/www.pfarregersthof.at\/komm\/wp-content\/uploads\/2021\/04\/foto.mws_.at-20210409-_DSF1264-533x800.jpg 533w, https:\/\/www.pfarregersthof.at\/komm\/wp-content\/uploads\/2021\/04\/foto.mws_.at-20210409-_DSF1264-100x150.jpg 100w, https:\/\/www.pfarregersthof.at\/komm\/wp-content\/uploads\/2021\/04\/foto.mws_.at-20210409-_DSF1264-768x1152.jpg 768w, https:\/\/www.pfarregersthof.at\/komm\/wp-content\/uploads\/2021\/04\/foto.mws_.at-20210409-_DSF1264-696x1044.jpg 696w, https:\/\/www.pfarregersthof.at\/komm\/wp-content\/uploads\/2021\/04\/foto.mws_.at-20210409-_DSF1264-280x420.jpg 280w, https:\/\/www.pfarregersthof.at\/komm\/wp-content\/uploads\/2021\/04\/foto.mws_.at-20210409-_DSF1264.jpg 1000w\" sizes=\"auto, (max-width: 200px) 100vw, 200px\" \/><\/a><figcaption id=\"caption-attachment-9058\" class=\"wp-caption-text\">Baum vor dem Gemeindezentrum der Pfarre Gersthof-St.Leopold, eingesetzt in Erinnerung an die Zeit von Dr. Norbert Rodt als Pfarrer (1976 &#8211; 2020)<\/figcaption><\/figure>\n<p>Genau vor dem Eingang in unser Gemeindezentrum wird in den n\u00e4chsten Jahren eine pr\u00e4chtige schmalbl\u00e4ttrige Esche wachsen und gedeihen. Dieser Baum ist ein Geschenk unserer Pfarrgemeinde und versteht sich als lebendiges Zeichen des Dankes an unseren fr\u00fcheren Pfarrer Norbert f\u00fcr sein 44j\u00e4hriges engagiertes pastorales Wirken an der Spitze der Pfarre Gersthof. Vielen Dank, Norbert!<\/p>\n<p><span style=\"color: #3366ff;\"><em>Bernhard Schleser&nbsp;<\/em><\/span><br>Stv. Vorsitzender des Pfarrgemeinderates<\/p>\n","protected":false},"excerpt":{"rendered":"<p>Schon im Vorjahr wurde uns von unserer Bezirksvorsteherin, Mag. Silvia Nossek, zugesagt, dass im Rahmen der geplanten Gehsteigverbreiterungen an der Ecke Witthauergasse\/Bastiengasse Platz f\u00fcr eine Baumpflanzung geschaffen werden wird. Diese Zusage wurde eingehalten und nun dieser Tage erf\u00fcllt. Genau vor dem Eingang in unser Gemeindezentrum wird in den n\u00e4chsten Jahren eine pr\u00e4chtige schmalbl\u00e4ttrige Esche wachsen [&hellip;]<\/p>\n","protected":false},"author":2,"featured_media":0,"comment_status":"closed","ping_status":"closed","sticky":false,"template":"","format":"standard","meta":{"ngg_post_thumbnail":0,"footnotes":""},"categories":[7],"tags":[],"class_list":{"0":"post-9057","1":"post","2":"type-post","3":"status-publish","4":"format-standard","6":"category-archiv"},"publishpress_future_action":{"enabled":false,"date":"2026-05-08 11:08:36","action":"category","newStatus":"draft","terms":[],"taxonomy":"category","extraData":[]},"publishpress_future_workflow_manual_trigger":{"enabledWorkflows":[]},"_links":{"self":[{"href":"https:\/\/www.pfarregersthof.at\/komm\/wp-json\/wp\/v2\/posts\/9057","targetHints":{"allow":["GET"]}}],"collection":[{"href":"https:\/\/www.pfarregersthof.at\/komm\/wp-json\/wp\/v2\/posts"}],"about":[{"href":"https:\/\/www.pfarregersthof.at\/komm\/wp-json\/wp\/v2\/types\/post"}],"author":[{"embeddable":true,"href":"https:\/\/www.pfarregersthof.at\/komm\/wp-json\/wp\/v2\/users\/2"}],"replies":[{"embeddable":true,"href":"https:\/\/www.pfarregersthof.at\/komm\/wp-json\/wp\/v2\/comments?post=9057"}],"version-history":[{"count":1,"href":"https:\/\/www.pfarregersthof.at\/komm\/wp-json\/wp\/v2\/posts\/9057\/revisions"}],"predecessor-version":[{"id":9060,"href":"https:\/\/www.pfarregersthof.at\/komm\/wp-json\/wp\/v2\/posts\/9057\/revisions\/9060"}],"wp:attachment":[{"href":"https:\/\/www.pfarregersthof.at\/komm\/wp-json\/wp\/v2\/media?parent=9057"}],"wp:term":[{"taxonomy":"category","embeddable":true,"href":"https:\/\/www.pfarregersthof.at\/komm\/wp-json\/wp\/v2\/categories?post=9057"},{"taxonomy":"post_tag","embeddable":true,"href":"https:\/\/www.pfarregersthof.at\/komm\/wp-json\/wp\/v2\/tags?post=9057"}],"curies":[{"name":"wp","href":"https:\/\/api.w.org\/{rel}","templated":true}]}}